{"id":139542,"date":"2019-12-05T08:59:30","date_gmt":"2019-12-05T11:59:30","guid":{"rendered":"http:\/\/www.caririemacao.com\/1\/?p=139542"},"modified":"2019-12-05T08:59:30","modified_gmt":"2019-12-05T11:59:30","slug":"monteiro-realiza-dia-d-de-combate-ao-mosquito-aedes-aegypt","status":"publish","type":"post","link":"https:\/\/www.caririemacao.com\/1\/2019\/12\/05\/monteiro-realiza-dia-d-de-combate-ao-mosquito-aedes-aegypt\/","title":{"rendered":"Monteiro realiza DIA \u201cD\u201d de combate ao mosquito Aedes Aegypt"},"content":{"rendered":"\n<p>A Secretaria Municipal de Sa\u00fade de Monteiro com o apoio da Vigil\u00e2ncia em Sa\u00fade, realiza nesta sexta-feira, 06, o Dia D de combate ao Aedes aegypti. Diversas a\u00e7\u00f5es educativas ser\u00e3o desenvolvidas em diferentes \u00e1reas da cidade, formando uma grande mobiliza\u00e7\u00e3o para conscientizar e orientar a popula\u00e7\u00e3o sobre os perigos do mosquito transmissor da dengue, da febre chikungunya e do zika v\u00edrus.<br>Silvana Silva, diretora da Vigil\u00e2ncia em Sa\u00fade, frisa que o Dia D \u00e9 uma a\u00e7\u00e3o concentrada que integra os trabalhos educativos permanentes que v\u00eam sendo realizados pelo Munic\u00edpio. \u201cA inten\u00e7\u00e3o \u00e9 manter aceso esse alerta da necessidade do combate junto \u00e0 popula\u00e7\u00e3o.<br>Neste per\u00edodo do ano, com temperaturas mais altas, h\u00e1 um aumento na quantidade de mosquitos adultos e, consequentemente, sua reprodu\u00e7\u00e3o aumenta. \u201cEste \u00e9 o momento de agir com intensidade para eliminar o m\u00e1ximo poss\u00edvel de criadouros. Assim, teremos uma forte possibilidade de diminuir os casos de dengue, zika e chicungunya no munic\u00edpio\u201d, completou.<br>Al\u00e9m do trabalho de conscientiza\u00e7\u00e3o atrav\u00e9s das visitas domiciliares, j\u00e1 realizadas regularmente pelas equipes de Agentes Comunit\u00e1rios de Endemias, os funcion\u00e1rios da Vigil\u00e2ncia e Secretaria de Sa\u00fade tamb\u00e9m realizar\u00e3o panfletagem e distribui\u00e7\u00e3o de peixes gurp na Pra\u00e7a Jo\u00e3o Pessoa, a partir das 07h da manh\u00e3 de sexta-feira.<br>Completando as a\u00e7\u00f5es de combate ao Aedes, as escolas municipais tamb\u00e9m receber\u00e3o grupos das equipes de sa\u00fade para um trabalho de conscientiza\u00e7\u00e3o sobre os m\u00e9todos para evitar a prolifera\u00e7\u00e3o dos mosquitos e tamb\u00e9m para que n\u00e3o sejam produzidos novos criadouros.<\/p>\n","protected":false},"excerpt":{"rendered":"<p>A Secretaria Municipal de Sa\u00fade de Monteiro com o apoio da Vigil\u00e2ncia em Sa\u00fade, realiza nesta sexta-feira, 06, o Dia D de combate ao Aedes&hellip; <\/p>\n","protected":false},"author":1,"featured_media":136165,"comment_status":"closed","ping_status":"closed","sticky":false,"template":"","format":"standard","meta":{"sfsi_plus_gutenberg_text_before_share":"","sfsi_plus_gutenberg_show_text_before_share":"","sfsi_plus_gutenberg_icon_type":"","sfsi_plus_gutenberg_icon_alignemt":"","sfsi_plus_gutenburg_max_per_row":"","footnotes":""},"categories":[16],"tags":[],"class_list":["post-139542","post","type-post","status-publish","format-standard","has-post-thumbnail","hentry","category-saude"],"_links":{"self":[{"href":"https:\/\/www.caririemacao.com\/1\/wp-json\/wp\/v2\/posts\/139542","targetHints":{"allow":["GET"]}}],"collection":[{"href":"https:\/\/www.caririemacao.com\/1\/wp-json\/wp\/v2\/posts"}],"about":[{"href":"https:\/\/www.caririemacao.com\/1\/wp-json\/wp\/v2\/types\/post"}],"author":[{"embeddable":true,"href":"https:\/\/www.caririemacao.com\/1\/wp-json\/wp\/v2\/users\/1"}],"replies":[{"embeddable":true,"href":"https:\/\/www.caririemacao.com\/1\/wp-json\/wp\/v2\/comments?post=139542"}],"version-history":[{"count":1,"href":"https:\/\/www.caririemacao.com\/1\/wp-json\/wp\/v2\/posts\/139542\/revisions"}],"predecessor-version":[{"id":139544,"href":"https:\/\/www.caririemacao.com\/1\/wp-json\/wp\/v2\/posts\/139542\/revisions\/139544"}],"wp:featuredmedia":[{"embeddable":true,"href":"https:\/\/www.caririemacao.com\/1\/wp-json\/wp\/v2\/media\/136165"}],"wp:attachment":[{"href":"https:\/\/www.caririemacao.com\/1\/wp-json\/wp\/v2\/media?parent=139542"}],"wp:term":[{"taxonomy":"category","embeddable":true,"href":"https:\/\/www.caririemacao.com\/1\/wp-json\/wp\/v2\/categories?post=139542"},{"taxonomy":"post_tag","embeddable":true,"href":"https:\/\/www.caririemacao.com\/1\/wp-json\/wp\/v2\/tags?post=139542"}],"curies":[{"name":"wp","href":"https:\/\/api.w.org\/{rel}","templated":true}]}}