{"id":139555,"date":"2019-12-05T09:57:26","date_gmt":"2019-12-05T12:57:26","guid":{"rendered":"http:\/\/www.caririemacao.com\/1\/?p=139555"},"modified":"2019-12-05T09:57:26","modified_gmt":"2019-12-05T12:57:26","slug":"deputados-de-sp-partem-para-agressao-e-suspendem-sessao-da-previdencia-estadual-veja-videos","status":"publish","type":"post","link":"https:\/\/www.caririemacao.com\/1\/2019\/12\/05\/deputados-de-sp-partem-para-agressao-e-suspendem-sessao-da-previdencia-estadual-veja-videos\/","title":{"rendered":"Deputados de SP partem para agress\u00e3o e suspendem sess\u00e3o da Previd\u00eancia estadual; veja v\u00eddeos"},"content":{"rendered":"\n<p>&nbsp;A discuss\u00e3o da PEC da reforma da Previd\u00eancia do estado de S\u00e3o Paulo come\u00e7ou com confus\u00e3o na Alesp (Assembleia Legislativa do Estado de S\u00e3o Paulo) nesta quarta-feira (4).<\/p>\n\n\n\n<p>O deputado Arthur do Val (atualmente sem partido) -mais conhecido como &#8216;Mam\u00e3e Falei&#8217;- falava ao microfone quando deputados da bancada do PT (Partido dos Trabalhadores), do PSOL e outros parlamentares subiram \u00e0 tribuna.&nbsp;<\/p>\n\n\n\n<p>Arthur do Val j\u00e1 havia sido advertido pelo presidente da Casa, deputado Cau\u00ea Macris (PSDB), por chamar os servidores que estavam na galeria do plen\u00e1rio de &#8220;bando de vagabundos&#8221; e &#8220;chamar para a briga&#8221; alguns dos presentes. Ap\u00f3s a confus\u00e3o, a sess\u00e3o foi suspensa.&nbsp;<\/p>\n\n\n\n<p>A PEC da Previd\u00eancia estadual precisa ser votada em dois turnos. Em paralelo, tramita um PLC (projeto de lei complementar) que, segundo os parlamentares, deve ser votado na pr\u00f3xima semana.&nbsp;<\/p>\n\n\n\n<p>A expectativa do governo do estado \u00e9 de aprovar as mudan\u00e7as nas aposentadorias dos servidores estaduais ainda neste ano. O secret\u00e1rio da Fazenda e Planejamento do Estado, Henrique Meirelles, participou na ter\u00e7a (3) do Col\u00e9gio de L\u00edderes da Assembleia Legislativa para falar das propostas de reforma.<\/p>\n\n\n\n<p>Com regras mais r\u00edgidas para o funcionalismo, o governo prev\u00ea economizar R$ 32 bilh\u00f5es em dez anos.<\/p>\n\n\n\n<p>Dos R$ 34,3 bilh\u00f5es gastos anualmente para pagar 550 mil aposentados e pensionistas, R$ 29 bilh\u00f5es v\u00eam do governo (86%), sendo R$ 7,2 bi de contribui\u00e7\u00e3o patronal e R$ 22,3 bi de insufici\u00eancia. Outros R$ 4,8 bilh\u00f5es v\u00eam da contribui\u00e7\u00e3o dos servidores p\u00fablicos, segundo dados do estado, informados por Meirelles.<\/p>\n\n\n\n<p>As mudan\u00e7as nas aposentadorias estaduais tramitam em dois projetos: uma PEC (proposta de emenda \u00e0 Constitui\u00e7\u00e3o) e o PLC, que est\u00e1 em regime de urg\u00eancia. A PEC teve sua tramita\u00e7\u00e3o acelerada na Assembleia Legislativa, a pedido do estado.&nbsp;<\/p>\n\n\n\n<p>Para tentar barrar as mudan\u00e7as, os servidores t\u00eam se movimentado contra a reforma. Na segunda-feira (2), diversas associa\u00e7\u00f5es de funcion\u00e1rios p\u00fablicos estiveram em audi\u00eancia na Assembleia Legislativa, debatendo as medidas. Na ter\u00e7a-feira, eles protestaram em frente e no plen\u00e1rio da Alesp.<\/p>\n\n\n\n<p>A proposta de reforma da Previd\u00eancia paulista aumenta a idade m\u00ednima de aposentadoria para os funcion\u00e1rios p\u00fablicos de S\u00e3o Paulo, muda a regra de c\u00e1lculo dos benef\u00edcios, altera a pens\u00e3o por morte, eleva a al\u00edquota de contribui\u00e7\u00e3o dos servidores e institui duas regras de transi\u00e7\u00e3o para os profissionais que j\u00e1 s\u00e3o servidores.<\/p>\n\n\n\n<p>Hoje, a regra geral permite requerer o benef\u00edcio com 30 anos de contribui\u00e7\u00e3o e 55 anos de idade, no caso das mulheres, e aos 35 anos de contribui\u00e7\u00e3o e 60 anos de idade, para os homens. A reforma aumentar\u00e1 a idade m\u00ednima para 62 anos (mulheres) e 65 anos (homens).<\/p>\n\n\n\n<p>Haver\u00e1 duas regras de transi\u00e7\u00e3o: idade m\u00ednima e pontos e ped\u00e1gio de 100%. Os servidores tamb\u00e9m ter\u00e3o redutores nas novas pens\u00f5es por morte que forem devidas ap\u00f3s a aprova\u00e7\u00e3o final da reforma.&nbsp;<\/p>\n\n\n\n<figure class=\"wp-block-image\"><img decoding=\"async\" data-src=\"https:\/\/www.clickpb.com.br\/media\/filer_public\/2f\/52\/2f524c1a-8e7e-45bd-9e32-8823cbd2997e\/barra_folhapress.png\" alt=\"\" src=\"data:image\/svg+xml;base64,PHN2ZyB3aWR0aD0iMSIgaGVpZ2h0PSIxIiB4bWxucz0iaHR0cDovL3d3dy53My5vcmcvMjAwMC9zdmciPjwvc3ZnPg==\" class=\"lazyload\" \/><\/figure>\n\n\n\n<figure><iframe data-src=\"https:\/\/www.youtube.com\/embed\/em4VmCwmU3s\" allowfullscreen=\"\" width=\"560\" height=\"315\" src=\"data:image\/svg+xml;base64,PHN2ZyB3aWR0aD0iMSIgaGVpZ2h0PSIxIiB4bWxucz0iaHR0cDovL3d3dy53My5vcmcvMjAwMC9zdmciPjwvc3ZnPg==\" class=\"lazyload\" data-load-mode=\"1\"><\/iframe><\/figure>\n\n\n\n<figure><iframe data-src=\"https:\/\/www.youtube.com\/embed\/e4OfNqlF-Fk\" allowfullscreen=\"\" width=\"560\" height=\"315\" src=\"data:image\/svg+xml;base64,PHN2ZyB3aWR0aD0iMSIgaGVpZ2h0PSIxIiB4bWxucz0iaHR0cDovL3d3dy53My5vcmcvMjAwMC9zdmciPjwvc3ZnPg==\" class=\"lazyload\" data-load-mode=\"1\"><\/iframe><\/figure>\n","protected":false},"excerpt":{"rendered":"<p>&nbsp;A discuss\u00e3o da PEC da reforma da Previd\u00eancia do estado de S\u00e3o Paulo come\u00e7ou com confus\u00e3o na Alesp (Assembleia Legislativa do Estado de S\u00e3o Paulo)&hellip; <\/p>\n","protected":false},"author":1,"featured_media":139556,"comment_status":"closed","ping_status":"closed","sticky":false,"template":"","format":"standard","meta":{"sfsi_plus_gutenberg_text_before_share":"","sfsi_plus_gutenberg_show_text_before_share":"","sfsi_plus_gutenberg_icon_type":"","sfsi_plus_gutenberg_icon_alignemt":"","sfsi_plus_gutenburg_max_per_row":"","footnotes":""},"categories":[11],"tags":[],"class_list":["post-139555","post","type-post","status-publish","format-standard","has-post-thumbnail","hentry","category-politica"],"_links":{"self":[{"href":"https:\/\/www.caririemacao.com\/1\/wp-json\/wp\/v2\/posts\/139555","targetHints":{"allow":["GET"]}}],"collection":[{"href":"https:\/\/www.caririemacao.com\/1\/wp-json\/wp\/v2\/posts"}],"about":[{"href":"https:\/\/www.caririemacao.com\/1\/wp-json\/wp\/v2\/types\/post"}],"author":[{"embeddable":true,"href":"https:\/\/www.caririemacao.com\/1\/wp-json\/wp\/v2\/users\/1"}],"replies":[{"embeddable":true,"href":"https:\/\/www.caririemacao.com\/1\/wp-json\/wp\/v2\/comments?post=139555"}],"version-history":[{"count":1,"href":"https:\/\/www.caririemacao.com\/1\/wp-json\/wp\/v2\/posts\/139555\/revisions"}],"predecessor-version":[{"id":139557,"href":"https:\/\/www.caririemacao.com\/1\/wp-json\/wp\/v2\/posts\/139555\/revisions\/139557"}],"wp:featuredmedia":[{"embeddable":true,"href":"https:\/\/www.caririemacao.com\/1\/wp-json\/wp\/v2\/media\/139556"}],"wp:attachment":[{"href":"https:\/\/www.caririemacao.com\/1\/wp-json\/wp\/v2\/media?parent=139555"}],"wp:term":[{"taxonomy":"category","embeddable":true,"href":"https:\/\/www.caririemacao.com\/1\/wp-json\/wp\/v2\/categories?post=139555"},{"taxonomy":"post_tag","embeddable":true,"href":"https:\/\/www.caririemacao.com\/1\/wp-json\/wp\/v2\/tags?post=139555"}],"curies":[{"name":"wp","href":"https:\/\/api.w.org\/{rel}","templated":true}]}}