{"id":139561,"date":"2019-12-05T12:21:13","date_gmt":"2019-12-05T15:21:13","guid":{"rendered":"http:\/\/www.caririemacao.com\/1\/?p=139561"},"modified":"2019-12-05T12:21:13","modified_gmt":"2019-12-05T15:21:13","slug":"promulgada-no-senado-projeto-de-cassio-que-cria-a-policia-penal","status":"publish","type":"post","link":"https:\/\/www.caririemacao.com\/1\/2019\/12\/05\/promulgada-no-senado-projeto-de-cassio-que-cria-a-policia-penal\/","title":{"rendered":"Promulgada, no Senado, projeto de C\u00e1ssio que cria a Pol\u00edcia Penal"},"content":{"rendered":"\n<p>O ex-senador C\u00e1ssio Cunha Lima, comemorou a promulga\u00e7\u00e3o, nessa quarta-feira (4), da Emenda Constitucional 104, de sua autoria, que cria a Pol\u00edcia Penal nos \u00e2mbito das esferas federal, estadual e distrital. A promulga\u00e7\u00e3o ocorreu em sess\u00e3o solene no Senado Federal e publicada na edi\u00e7\u00e3o desta quinta-feira (5), no Di\u00e1rio Oficial da Uni\u00e3o (DOU).<\/p>\n\n\n\n<p>\u201cHoje foi promulgada a emenda \u00e0 Constitui\u00e7\u00e3o 104, de minha autoria, que criou a Pol\u00edcia Penal. Tenho muito orgulho de ter escrito, como Constituinte origin\u00e1rio, trechos importantes da nossa Constitui\u00e7\u00e3o Federal e agora, derivado, escrever mais uma parte da nossa Carta Magna. Dia feliz\u201d, escreveu o paraibano no Instagram.<\/p>\n\n\n\n<p>Durante a sess\u00e3o, o tucano foi homenageado pelo presidente do Senado, David Alcolumbre.<\/p>\n\n\n\n<p>\u201cDe maneira muito carinhosa e como reconhecimento da sua atua\u00e7\u00e3o no parlamento brasileiro, no Congresso Nacional, e que no dia de hoje festeja a possibilidade de por na Constitui\u00e7\u00e3o Federativa do Brasil uma proposta de sua autoria que engrandece essa Casa e que fortalece o Poder Legislativo. Meu amigo, presidente desta Casa, senador da Rep\u00fablica, autor da proposta de emenda a Constitui\u00e7\u00e3o, senador C\u00e1ssio Cunha Lima\u201d, disse Alcolumbre.<\/p>\n\n\n\n<p>De acordo com a Lei, as pol\u00edcias penais, vinculadas ao \u00f3rg\u00e3o administrador do sistema penal da unidade federativa a que pertencem, dever\u00e3o fazer a seguran\u00e7a dos estabelecimentos penais. O preenchimento do quadro de servidores ser\u00e1 feito, exclusivamente, por meio de concurso p\u00fablico e por meio da transforma\u00e7\u00e3o dos cargos isolados, dos cargos de carreira dos atuais agentes penitenci\u00e1rios e dos cargos p\u00fablicos equivalentes.<\/p>\n","protected":false},"excerpt":{"rendered":"<p>O ex-senador C\u00e1ssio Cunha Lima, comemorou a promulga\u00e7\u00e3o, nessa quarta-feira (4), da Emenda Constitucional 104, de sua autoria, que cria a Pol\u00edcia Penal nos \u00e2mbito&hellip; <\/p>\n","protected":false},"author":1,"featured_media":10905,"comment_status":"closed","ping_status":"closed","sticky":false,"template":"","format":"standard","meta":{"sfsi_plus_gutenberg_text_before_share":"","sfsi_plus_gutenberg_show_text_before_share":"","sfsi_plus_gutenberg_icon_type":"","sfsi_plus_gutenberg_icon_alignemt":"","sfsi_plus_gutenburg_max_per_row":"","footnotes":""},"categories":[11],"tags":[],"class_list":["post-139561","post","type-post","status-publish","format-standard","has-post-thumbnail","hentry","category-politica"],"_links":{"self":[{"href":"https:\/\/www.caririemacao.com\/1\/wp-json\/wp\/v2\/posts\/139561","targetHints":{"allow":["GET"]}}],"collection":[{"href":"https:\/\/www.caririemacao.com\/1\/wp-json\/wp\/v2\/posts"}],"about":[{"href":"https:\/\/www.caririemacao.com\/1\/wp-json\/wp\/v2\/types\/post"}],"author":[{"embeddable":true,"href":"https:\/\/www.caririemacao.com\/1\/wp-json\/wp\/v2\/users\/1"}],"replies":[{"embeddable":true,"href":"https:\/\/www.caririemacao.com\/1\/wp-json\/wp\/v2\/comments?post=139561"}],"version-history":[{"count":1,"href":"https:\/\/www.caririemacao.com\/1\/wp-json\/wp\/v2\/posts\/139561\/revisions"}],"predecessor-version":[{"id":139562,"href":"https:\/\/www.caririemacao.com\/1\/wp-json\/wp\/v2\/posts\/139561\/revisions\/139562"}],"wp:featuredmedia":[{"embeddable":true,"href":"https:\/\/www.caririemacao.com\/1\/wp-json\/wp\/v2\/media\/10905"}],"wp:attachment":[{"href":"https:\/\/www.caririemacao.com\/1\/wp-json\/wp\/v2\/media?parent=139561"}],"wp:term":[{"taxonomy":"category","embeddable":true,"href":"https:\/\/www.caririemacao.com\/1\/wp-json\/wp\/v2\/categories?post=139561"},{"taxonomy":"post_tag","embeddable":true,"href":"https:\/\/www.caririemacao.com\/1\/wp-json\/wp\/v2\/tags?post=139561"}],"curies":[{"name":"wp","href":"https:\/\/api.w.org\/{rel}","templated":true}]}}