{"id":139565,"date":"2019-12-05T12:23:06","date_gmt":"2019-12-05T15:23:06","guid":{"rendered":"http:\/\/www.caririemacao.com\/1\/?p=139565"},"modified":"2019-12-05T12:23:06","modified_gmt":"2019-12-05T15:23:06","slug":"enteado-e-acusado-de-esfaquear-padrasto-apos-discussao-entre-vitima-e-sua-companheira-em-cidade-do-cariri","status":"publish","type":"post","link":"https:\/\/www.caririemacao.com\/1\/2019\/12\/05\/enteado-e-acusado-de-esfaquear-padrasto-apos-discussao-entre-vitima-e-sua-companheira-em-cidade-do-cariri\/","title":{"rendered":"Enteado \u00e9 acusado de esfaquear padrasto ap\u00f3s discuss\u00e3o entre v\u00edtima e sua companheira em cidade do Cariri"},"content":{"rendered":"\n<p>O fato aconteceu na noite desta quarta-feira (04) no munic\u00edpio do Congo, Cariri da Para\u00edba. Segundo informa\u00e7\u00f5es apuradas pela reportagem do portal De Olho no Cariri, um jovem presenciou uma briga entre sua m\u00e3e e seu padrasto e revoltado com a agressividade de Jeciel Silva em rela\u00e7\u00e3o a sua m\u00e3e, desferiu um golpe de faca contra ele.<\/p>\n\n\n\n<p>At\u00e9 o fechamento desta mat\u00e9ria a pol\u00edcia ainda colhia depoimentos para verificar as circunstancias do crime. Jeciel Silva recebeu uma \u00fanica facada nas costas, foi socorrido pelo Samu e levado para o Hospital de Trauma de Campina Grande.<\/p>\n\n\n\n<p>Segundo informa\u00e7\u00f5es repassadas pelo posto m\u00e9dico do Congo, que prestou os primeiros socorros, a v\u00edtima foi transferida consciente, mas a perfura\u00e7\u00e3o foi relativamente profunda.<\/p>\n\n\n\n<p>Jeciel e sua esposa s\u00e3o naturais da Prata, mas residem h\u00e1 certo tempo no Congo.<\/p>\n\n\n\n<p><strong>De Olho no Cariri<\/strong><\/p>\n","protected":false},"excerpt":{"rendered":"<p>O fato aconteceu na noite desta quarta-feira (04) no munic\u00edpio do Congo, Cariri da Para\u00edba. Segundo informa\u00e7\u00f5es apuradas pela reportagem do portal De Olho no&hellip; <\/p>\n","protected":false},"author":1,"featured_media":139566,"comment_status":"closed","ping_status":"closed","sticky":false,"template":"","format":"standard","meta":{"sfsi_plus_gutenberg_text_before_share":"","sfsi_plus_gutenberg_show_text_before_share":"","sfsi_plus_gutenberg_icon_type":"","sfsi_plus_gutenberg_icon_alignemt":"","sfsi_plus_gutenburg_max_per_row":"","footnotes":""},"categories":[12],"tags":[],"class_list":["post-139565","post","type-post","status-publish","format-standard","has-post-thumbnail","hentry","category-policia"],"_links":{"self":[{"href":"https:\/\/www.caririemacao.com\/1\/wp-json\/wp\/v2\/posts\/139565","targetHints":{"allow":["GET"]}}],"collection":[{"href":"https:\/\/www.caririemacao.com\/1\/wp-json\/wp\/v2\/posts"}],"about":[{"href":"https:\/\/www.caririemacao.com\/1\/wp-json\/wp\/v2\/types\/post"}],"author":[{"embeddable":true,"href":"https:\/\/www.caririemacao.com\/1\/wp-json\/wp\/v2\/users\/1"}],"replies":[{"embeddable":true,"href":"https:\/\/www.caririemacao.com\/1\/wp-json\/wp\/v2\/comments?post=139565"}],"version-history":[{"count":1,"href":"https:\/\/www.caririemacao.com\/1\/wp-json\/wp\/v2\/posts\/139565\/revisions"}],"predecessor-version":[{"id":139567,"href":"https:\/\/www.caririemacao.com\/1\/wp-json\/wp\/v2\/posts\/139565\/revisions\/139567"}],"wp:featuredmedia":[{"embeddable":true,"href":"https:\/\/www.caririemacao.com\/1\/wp-json\/wp\/v2\/media\/139566"}],"wp:attachment":[{"href":"https:\/\/www.caririemacao.com\/1\/wp-json\/wp\/v2\/media?parent=139565"}],"wp:term":[{"taxonomy":"category","embeddable":true,"href":"https:\/\/www.caririemacao.com\/1\/wp-json\/wp\/v2\/categories?post=139565"},{"taxonomy":"post_tag","embeddable":true,"href":"https:\/\/www.caririemacao.com\/1\/wp-json\/wp\/v2\/tags?post=139565"}],"curies":[{"name":"wp","href":"https:\/\/api.w.org\/{rel}","templated":true}]}}