{"id":139569,"date":"2019-12-05T12:26:56","date_gmt":"2019-12-05T15:26:56","guid":{"rendered":"http:\/\/www.caririemacao.com\/1\/?p=139569"},"modified":"2019-12-05T12:26:56","modified_gmt":"2019-12-05T15:26:56","slug":"prefeitos-dizem-seguir-joao-azevedo-e-anunciam-saida-do-psb","status":"publish","type":"post","link":"https:\/\/www.caririemacao.com\/1\/2019\/12\/05\/prefeitos-dizem-seguir-joao-azevedo-e-anunciam-saida-do-psb\/","title":{"rendered":"Prefeitos dizem seguir Jo\u00e3o Azev\u00eado e anunciam sa\u00edda do PSB"},"content":{"rendered":"\n<p>Desde o an\u00fancio da desfilia\u00e7\u00e3o do governador Jo\u00e3o Azev\u00eado do PSB, prefeitos e secret\u00e1rios deixam a sigla para acompanhar o gestor. Em contato com o&nbsp;<strong>Hora H<\/strong>, os aliados de Jo\u00e3o admitiram que tamb\u00e9m saem do PSB.<\/p>\n\n\n\n<p>O prefeito de Pilar, Ben\u00edcio Neto, aguarda uma reuni\u00e3o com Azev\u00eado para definir qual rumo seguir\u00e1. A migra\u00e7\u00e3o do partido, no entanto, j\u00e1 est\u00e1 decretada. Um encontro tamb\u00e9m vai acontecer em S\u00e3o Jos\u00e9 de Piranhas, mas dessa vez com vereadores e lideran\u00e7as da regi\u00e3o. O prefeito do munic\u00edpio, Chico Mendes, admitiu que seguir\u00e1 a orienta\u00e7\u00e3o do governador e sai da sigla.<\/p>\n\n\n\n<p>Ao acompanhar Jo\u00e3o, o prefeito de Itabaina, Dr L\u00facio, disse acreditar no projeto. Em contato com o programa&nbsp;<strong>Hora H<\/strong>, ele ressaltou que trabalhou pela candidatura do governador. \u201cNo tocante de Itabaiana, estou satisfeito com o desempenho do governo\u201d, pontuou.<\/p>\n\n\n\n<p>O prefeito de Princesa Isabel, Ricardo Pereira, tamb\u00e9m sai do PSB e em sua justificativa, o gestor disse querer dar seguimento ao \u2018projeto\u2019. \u201cO projeto precisa ser priorizado, n\u00e3o as pessoas\u201d, avaliou, em contato com o&nbsp;<strong>Hora H<\/strong>.<\/p>\n\n\n\n<p>Secret\u00e1rio de Infraestrutura, Deusdette Queiroga espera apenas o sinal do gestor. \u201cNa hora que ele tomar a decis\u00e3o, a gente est\u00e1 pronto para ingressar no partido que ele definir\u201d, disse ao&nbsp;<strong>Hora H<\/strong>.<\/p>\n\n\n\n<p>O prefeito de Sousa, F\u00e1bio Tyrone, aguarda reuni\u00e3o para tomar decis\u00e3o, mas acredita que Jo\u00e3o Azev\u00eado foi v\u00edtima do \u2018processo\u2019: \u201cTenho muito respeito pelo PSB, pela hist\u00f3ria constru\u00edda pelo partido com Ricardo Coutinho, mas acho que erraram com Jo\u00e3o Azev\u00eado. Minha opini\u00e3o \u00e9 que n\u00f3s possamos seguir com o projeto que elegeu Jo\u00e3o Azev\u00eado que \u00e9 a continuidade de um grande projeto para a Para\u00edba. Vejo Jo\u00e3o como v\u00edtima do processo acho que ele est\u00e1 fazendo as coisas corretas, o Governo tem dado resultados\u201d, disse ao&nbsp;<strong>Hora H<\/strong>.<\/p>\n\n\n\n<p>Al\u00e9m deles, os prefeitos Marcelo Monteiro (Lucena), George Coelho (Sobrado), Tiago Castro (Cabaceiras), Fernando Naya (Rio Tinto) e Roberto Feliciano (Sap\u00e9)&nbsp; Jo\u00e3o Batista, prefeito de Barra de S\u00e3o Miguel e Jurandi Gouveia, prefeito de Tapero\u00e1 deixar\u00e3o o PSB.<\/p>\n\n\n\n<p><strong>MaisPB<\/strong><\/p>\n","protected":false},"excerpt":{"rendered":"<p>Desde o an\u00fancio da desfilia\u00e7\u00e3o do governador Jo\u00e3o Azev\u00eado do PSB, prefeitos e secret\u00e1rios deixam a sigla para acompanhar o gestor. Em contato com o&nbsp;Hora&hellip; <\/p>\n","protected":false},"author":1,"featured_media":139570,"comment_status":"closed","ping_status":"closed","sticky":false,"template":"","format":"standard","meta":{"sfsi_plus_gutenberg_text_before_share":"","sfsi_plus_gutenberg_show_text_before_share":"","sfsi_plus_gutenberg_icon_type":"","sfsi_plus_gutenberg_icon_alignemt":"","sfsi_plus_gutenburg_max_per_row":"","footnotes":""},"categories":[11],"tags":[],"class_list":["post-139569","post","type-post","status-publish","format-standard","has-post-thumbnail","hentry","category-politica"],"_links":{"self":[{"href":"https:\/\/www.caririemacao.com\/1\/wp-json\/wp\/v2\/posts\/139569","targetHints":{"allow":["GET"]}}],"collection":[{"href":"https:\/\/www.caririemacao.com\/1\/wp-json\/wp\/v2\/posts"}],"about":[{"href":"https:\/\/www.caririemacao.com\/1\/wp-json\/wp\/v2\/types\/post"}],"author":[{"embeddable":true,"href":"https:\/\/www.caririemacao.com\/1\/wp-json\/wp\/v2\/users\/1"}],"replies":[{"embeddable":true,"href":"https:\/\/www.caririemacao.com\/1\/wp-json\/wp\/v2\/comments?post=139569"}],"version-history":[{"count":1,"href":"https:\/\/www.caririemacao.com\/1\/wp-json\/wp\/v2\/posts\/139569\/revisions"}],"predecessor-version":[{"id":139571,"href":"https:\/\/www.caririemacao.com\/1\/wp-json\/wp\/v2\/posts\/139569\/revisions\/139571"}],"wp:featuredmedia":[{"embeddable":true,"href":"https:\/\/www.caririemacao.com\/1\/wp-json\/wp\/v2\/media\/139570"}],"wp:attachment":[{"href":"https:\/\/www.caririemacao.com\/1\/wp-json\/wp\/v2\/media?parent=139569"}],"wp:term":[{"taxonomy":"category","embeddable":true,"href":"https:\/\/www.caririemacao.com\/1\/wp-json\/wp\/v2\/categories?post=139569"},{"taxonomy":"post_tag","embeddable":true,"href":"https:\/\/www.caririemacao.com\/1\/wp-json\/wp\/v2\/tags?post=139569"}],"curies":[{"name":"wp","href":"https:\/\/api.w.org\/{rel}","templated":true}]}}