{"id":139572,"date":"2019-12-05T12:28:18","date_gmt":"2019-12-05T15:28:18","guid":{"rendered":"http:\/\/www.caririemacao.com\/1\/?p=139572"},"modified":"2019-12-05T12:28:18","modified_gmt":"2019-12-05T15:28:18","slug":"nao-tenho-magoa-tenho-decepcao-desabafa-joao-azevedo","status":"publish","type":"post","link":"https:\/\/www.caririemacao.com\/1\/2019\/12\/05\/nao-tenho-magoa-tenho-decepcao-desabafa-joao-azevedo\/","title":{"rendered":"\u201cN\u00e3o tenho m\u00e1goa, tenho decep\u00e7\u00e3o\u201d desabafa Jo\u00e3o Azev\u00eado"},"content":{"rendered":"\n<p>O governador Jo\u00e3o Azev\u00eado est\u00e1 no Sert\u00e3o paraibano aonde entrega obras em diversos munic\u00edpios. A agenda acontece logo ap\u00f3s o auge da celeuma pela qual passava o PSB, partido ao qual Jo\u00e3o era filiado, que culminou com a sua desfilia\u00e7\u00e3o nessa ter\u00e7a-feira, 04, e o an\u00fancio de diversos militantes de que o seguiriam, saindo tamb\u00e9m do partido.<\/p>\n\n\n\n<p>Questionado sobre se teria m\u00e1goas, sobretudo do ex-governador Ricardo Coutinho por conta do que ocorreu dentro da sigla, Jo\u00e3o disse que o sentimento n\u00e3o \u00e9 esse, e sim de decep\u00e7\u00e3o.<\/p>\n\n\n\n<p>\u201cEu n\u00e3o tenho m\u00e1goa de ningu\u00e9m n\u00e3o, meu cora\u00e7\u00e3o n\u00e3o tem espa\u00e7o pra isso n\u00e3o. Tenho decep\u00e7\u00e3o, decep\u00e7\u00e3o na vida a gente tem, mas a vida \u00e9 assim a cada momento voc\u00ea \u00e9 solicitado a recome\u00e7ar e quando voc\u00ea recome\u00e7a tem que ser com disposi\u00e7\u00e3o e com \u00e2nimo para aquela nova miss\u00e3o. Saio do PSB absolutamente tranquilo de que tudo que n\u00f3s constru\u00edmos ao longo dos anos, porque eu participei dessa constru\u00e7\u00e3o, eu dei continuidade, eu n\u00e3o mudei sequer o nome de programas\u201d pontuou.<\/p>\n\n\n\n<p>Ao ser questionado sobre uma poss\u00edvel trai\u00e7\u00e3o, apontada pelo PSB em nota, Jo\u00e3o rejeitou a pecha declarando que s\u00f3 ele sabe o que passou desde que foi eleito com pessoas da pr\u00f3pria sigla tentando inviabilizar a sua gest\u00e3o.<\/p>\n\n\n\n<p>\u201cEu n\u00e3o me sinto traidor, esse \u00e9 o problema, eu n\u00e3o fa\u00e7o essa leitura at\u00e9 porque eu sei exatamente quais os motivos que me levaram a deixar esse partido, durante um ano pessoas, eu diria dos maiores cargos do PSB, tentaram inviabilizar essa gest\u00e3o e n\u00e3o d\u00e1 pra entender porque afinal de contas foi um governo constru\u00eddo com um objetivo. Se por acaso algu\u00e9m imaginava que ia continuar sendo o governador do estado a vida toda, a\u00ed \u00e9 outra coisa, essa \u00e9 a diferen\u00e7a\u201d concluiu.<\/p>\n\n\n\n<p><strong><em>PB Agora<\/em><\/strong><\/p>\n","protected":false},"excerpt":{"rendered":"<p>O governador Jo\u00e3o Azev\u00eado est\u00e1 no Sert\u00e3o paraibano aonde entrega obras em diversos munic\u00edpios. A agenda acontece logo ap\u00f3s o auge da celeuma pela qual&hellip; <\/p>\n","protected":false},"author":1,"featured_media":119325,"comment_status":"closed","ping_status":"closed","sticky":false,"template":"","format":"standard","meta":{"sfsi_plus_gutenberg_text_before_share":"","sfsi_plus_gutenberg_show_text_before_share":"","sfsi_plus_gutenberg_icon_type":"","sfsi_plus_gutenberg_icon_alignemt":"","sfsi_plus_gutenburg_max_per_row":"","footnotes":""},"categories":[11],"tags":[],"class_list":["post-139572","post","type-post","status-publish","format-standard","has-post-thumbnail","hentry","category-politica"],"_links":{"self":[{"href":"https:\/\/www.caririemacao.com\/1\/wp-json\/wp\/v2\/posts\/139572","targetHints":{"allow":["GET"]}}],"collection":[{"href":"https:\/\/www.caririemacao.com\/1\/wp-json\/wp\/v2\/posts"}],"about":[{"href":"https:\/\/www.caririemacao.com\/1\/wp-json\/wp\/v2\/types\/post"}],"author":[{"embeddable":true,"href":"https:\/\/www.caririemacao.com\/1\/wp-json\/wp\/v2\/users\/1"}],"replies":[{"embeddable":true,"href":"https:\/\/www.caririemacao.com\/1\/wp-json\/wp\/v2\/comments?post=139572"}],"version-history":[{"count":1,"href":"https:\/\/www.caririemacao.com\/1\/wp-json\/wp\/v2\/posts\/139572\/revisions"}],"predecessor-version":[{"id":139573,"href":"https:\/\/www.caririemacao.com\/1\/wp-json\/wp\/v2\/posts\/139572\/revisions\/139573"}],"wp:featuredmedia":[{"embeddable":true,"href":"https:\/\/www.caririemacao.com\/1\/wp-json\/wp\/v2\/media\/119325"}],"wp:attachment":[{"href":"https:\/\/www.caririemacao.com\/1\/wp-json\/wp\/v2\/media?parent=139572"}],"wp:term":[{"taxonomy":"category","embeddable":true,"href":"https:\/\/www.caririemacao.com\/1\/wp-json\/wp\/v2\/categories?post=139572"},{"taxonomy":"post_tag","embeddable":true,"href":"https:\/\/www.caririemacao.com\/1\/wp-json\/wp\/v2\/tags?post=139572"}],"curies":[{"name":"wp","href":"https:\/\/api.w.org\/{rel}","templated":true}]}}