{"id":139574,"date":"2019-12-05T12:30:51","date_gmt":"2019-12-05T15:30:51","guid":{"rendered":"http:\/\/www.caririemacao.com\/1\/?p=139574"},"modified":"2019-12-05T12:30:51","modified_gmt":"2019-12-05T15:30:51","slug":"saida-de-joao-nao-altera-parceria-diz-governador-de-pernambuco","status":"publish","type":"post","link":"https:\/\/www.caririemacao.com\/1\/2019\/12\/05\/saida-de-joao-nao-altera-parceria-diz-governador-de-pernambuco\/","title":{"rendered":"\u2018Sa\u00edda de Jo\u00e3o n\u00e3o altera parceria\u2019, diz governador de Pernambuco"},"content":{"rendered":"\n<p>A decis\u00e3o do governador Jo\u00e3o Azev\u00eado (sem partido) de deixar o PSB ecoou al\u00e9m das fronteiras da Para\u00edba.<\/p>\n\n\n\n<p>No ber\u00e7o do partido, no estado vizinho de Pernambuco, o governador Paulo C\u00e2mara (PSB) valorizou a rela\u00e7\u00e3o respeitosa com o paraibano ao lamentar a sua sa\u00edda da sigla.<\/p>\n\n\n\n<p>\u2013 Lamento que o governador Jo\u00e3o Azevedo tenha decidido deixar o PSB. Quero ressaltar que sua sa\u00edda do partido em nada altera nossa rela\u00e7\u00e3o de respeito, considera\u00e7\u00e3o e parceria \u2013 disse, nesta quarta-feira (4), ao&nbsp;<strong>Portal MaisPB<\/strong>.<\/p>\n\n\n\n<p>Paulo C\u00e2mara \u00e9 o segundo importante agente do PSB que manifesta descontentamento com a sa\u00edda de Azev\u00eado.<\/p>\n\n\n\n<p>Nessa ter\u00e7a-feira (3), o vice-presidente do PSB, deputado J\u00falio Delgado (MG), j\u00e1 havia lamentado o desfecho da crise do partido na Para\u00edba em entrevista ao Hora H, da Rede Mais.<\/p>\n\n\n\n<p><strong>Maur\u00edlio J\u00fanior \u2013 MaisPB<\/strong><\/p>\n","protected":false},"excerpt":{"rendered":"<p>A decis\u00e3o do governador Jo\u00e3o Azev\u00eado (sem partido) de deixar o PSB ecoou al\u00e9m das fronteiras da Para\u00edba. No ber\u00e7o do partido, no estado vizinho&hellip; <\/p>\n","protected":false},"author":1,"featured_media":139575,"comment_status":"closed","ping_status":"closed","sticky":false,"template":"","format":"standard","meta":{"sfsi_plus_gutenberg_text_before_share":"","sfsi_plus_gutenberg_show_text_before_share":"","sfsi_plus_gutenberg_icon_type":"","sfsi_plus_gutenberg_icon_alignemt":"","sfsi_plus_gutenburg_max_per_row":"","footnotes":""},"categories":[11],"tags":[],"class_list":["post-139574","post","type-post","status-publish","format-standard","has-post-thumbnail","hentry","category-politica"],"_links":{"self":[{"href":"https:\/\/www.caririemacao.com\/1\/wp-json\/wp\/v2\/posts\/139574","targetHints":{"allow":["GET"]}}],"collection":[{"href":"https:\/\/www.caririemacao.com\/1\/wp-json\/wp\/v2\/posts"}],"about":[{"href":"https:\/\/www.caririemacao.com\/1\/wp-json\/wp\/v2\/types\/post"}],"author":[{"embeddable":true,"href":"https:\/\/www.caririemacao.com\/1\/wp-json\/wp\/v2\/users\/1"}],"replies":[{"embeddable":true,"href":"https:\/\/www.caririemacao.com\/1\/wp-json\/wp\/v2\/comments?post=139574"}],"version-history":[{"count":1,"href":"https:\/\/www.caririemacao.com\/1\/wp-json\/wp\/v2\/posts\/139574\/revisions"}],"predecessor-version":[{"id":139576,"href":"https:\/\/www.caririemacao.com\/1\/wp-json\/wp\/v2\/posts\/139574\/revisions\/139576"}],"wp:featuredmedia":[{"embeddable":true,"href":"https:\/\/www.caririemacao.com\/1\/wp-json\/wp\/v2\/media\/139575"}],"wp:attachment":[{"href":"https:\/\/www.caririemacao.com\/1\/wp-json\/wp\/v2\/media?parent=139574"}],"wp:term":[{"taxonomy":"category","embeddable":true,"href":"https:\/\/www.caririemacao.com\/1\/wp-json\/wp\/v2\/categories?post=139574"},{"taxonomy":"post_tag","embeddable":true,"href":"https:\/\/www.caririemacao.com\/1\/wp-json\/wp\/v2\/tags?post=139574"}],"curies":[{"name":"wp","href":"https:\/\/api.w.org\/{rel}","templated":true}]}}