{"id":139579,"date":"2019-12-05T12:44:53","date_gmt":"2019-12-05T15:44:53","guid":{"rendered":"http:\/\/www.caririemacao.com\/1\/?p=139579"},"modified":"2019-12-05T12:44:53","modified_gmt":"2019-12-05T15:44:53","slug":"psb-vai-pedir-na-justica-mandato-de-joao-azevedo-e-devolucao-de-mais-de-r-3-milhoes","status":"publish","type":"post","link":"https:\/\/www.caririemacao.com\/1\/2019\/12\/05\/psb-vai-pedir-na-justica-mandato-de-joao-azevedo-e-devolucao-de-mais-de-r-3-milhoes\/","title":{"rendered":"PSB vai pedir na justi\u00e7a mandato de Jo\u00e3o Azev\u00eado e devolu\u00e7\u00e3o de mais de R$ 3 milh\u00f5es"},"content":{"rendered":"\n<p>O PSB pretende pedir na justi\u00e7a o mandato do governador da Para\u00edba, Jo\u00e3o Azev\u00eado, assim como o ressarcimento de pelo menos R$ 3 milh\u00f5es em despesas de campanha. Foi o que declarou o presidente nacional do partido, Carlos Siqueira, em entrevista ao ParlamentoPB.<\/p>\n\n\n\n<p>&#8220;Ele devia ter a dignidade de devolver o dinheiro que se gastou na campanha dele&#8221;, disse Siqueira. O presidente do PSB afirmou que o conflito dentro do partido foi criado pelo pr\u00f3prio governador, que se recusou a conversar com ele e com o ex-governador Ricardo Coutinho, mesmo ap\u00f3s diversos convites.<\/p>\n\n\n\n<p>&#8220;Hoje imagino que ele j\u00e1 estava decidido a sair do partido no momento em que criou o conflito&#8221;, comentou Carlos Siqueira. Ele negou que tenha havido interven\u00e7\u00e3o do diret\u00f3rio nacional na dissolu\u00e7\u00e3o do diret\u00f3rio estadual do partido e afirmou que Jo\u00e3o Azev\u00eado havia vetado o nome de Ricardo Coutinho para presid\u00eancia da executiva estadual.<\/p>\n\n\n\n<p>&#8220;J\u00e1 vi trai\u00e7\u00e3o na pol\u00edtica, mas demora pelo menos&nbsp; um ano&#8221;, disse ele, acrescentando que acredita que Jo\u00e3o Azev\u00eado tenha planejado sua &#8216;trai\u00e7\u00e3o&#8217; desde o momento em que assumiu o governo.&nbsp;<\/p>\n\n\n\n<p>Carlos Siqueira chamou o governador de ingrato por ter virado as costas para Ricardo Coutinho, que o ajudou a se eleger, j\u00e1 que Jo\u00e3o &#8220;nunca teve um voto na vida&#8221;.<\/p>\n\n\n\n<p>O Click PB tentou entrar em contato com Carlos Siqueira para saber quando ser\u00e1 dada entrada no processo, mas as liga\u00e7\u00f5es n\u00e3o foram atendidas.<\/p>\n","protected":false},"excerpt":{"rendered":"<p>O PSB pretende pedir na justi\u00e7a o mandato do governador da Para\u00edba, Jo\u00e3o Azev\u00eado, assim como o ressarcimento de pelo menos R$ 3 milh\u00f5es em&hellip; <\/p>\n","protected":false},"author":1,"featured_media":46835,"comment_status":"closed","ping_status":"closed","sticky":false,"template":"","format":"standard","meta":{"sfsi_plus_gutenberg_text_before_share":"","sfsi_plus_gutenberg_show_text_before_share":"","sfsi_plus_gutenberg_icon_type":"","sfsi_plus_gutenberg_icon_alignemt":"","sfsi_plus_gutenburg_max_per_row":"","footnotes":""},"categories":[50,11],"tags":[],"class_list":["post-139579","post","type-post","status-publish","format-standard","has-post-thumbnail","hentry","category-destaque","category-politica"],"_links":{"self":[{"href":"https:\/\/www.caririemacao.com\/1\/wp-json\/wp\/v2\/posts\/139579","targetHints":{"allow":["GET"]}}],"collection":[{"href":"https:\/\/www.caririemacao.com\/1\/wp-json\/wp\/v2\/posts"}],"about":[{"href":"https:\/\/www.caririemacao.com\/1\/wp-json\/wp\/v2\/types\/post"}],"author":[{"embeddable":true,"href":"https:\/\/www.caririemacao.com\/1\/wp-json\/wp\/v2\/users\/1"}],"replies":[{"embeddable":true,"href":"https:\/\/www.caririemacao.com\/1\/wp-json\/wp\/v2\/comments?post=139579"}],"version-history":[{"count":1,"href":"https:\/\/www.caririemacao.com\/1\/wp-json\/wp\/v2\/posts\/139579\/revisions"}],"predecessor-version":[{"id":139580,"href":"https:\/\/www.caririemacao.com\/1\/wp-json\/wp\/v2\/posts\/139579\/revisions\/139580"}],"wp:featuredmedia":[{"embeddable":true,"href":"https:\/\/www.caririemacao.com\/1\/wp-json\/wp\/v2\/media\/46835"}],"wp:attachment":[{"href":"https:\/\/www.caririemacao.com\/1\/wp-json\/wp\/v2\/media?parent=139579"}],"wp:term":[{"taxonomy":"category","embeddable":true,"href":"https:\/\/www.caririemacao.com\/1\/wp-json\/wp\/v2\/categories?post=139579"},{"taxonomy":"post_tag","embeddable":true,"href":"https:\/\/www.caririemacao.com\/1\/wp-json\/wp\/v2\/tags?post=139579"}],"curies":[{"name":"wp","href":"https:\/\/api.w.org\/{rel}","templated":true}]}}