{"id":139585,"date":"2019-12-05T12:50:17","date_gmt":"2019-12-05T15:50:17","guid":{"rendered":"http:\/\/www.caririemacao.com\/1\/?p=139585"},"modified":"2019-12-05T12:50:17","modified_gmt":"2019-12-05T15:50:17","slug":"camara-de-vereadores-de-sume-realiza-reuniao-e-aprova-projetos-e-requerimentos","status":"publish","type":"post","link":"https:\/\/www.caririemacao.com\/1\/2019\/12\/05\/camara-de-vereadores-de-sume-realiza-reuniao-e-aprova-projetos-e-requerimentos\/","title":{"rendered":"C\u00e2mara de Vereadores de Sum\u00e9 realiza reuni\u00e3o e aprova projetos e requerimentos"},"content":{"rendered":"\n<p>Na noite desta ter\u00e7a-feira (03), aconteceu a reuni\u00e3o da C\u00e2mara de Vereadores de Sum\u00e9.<\/p>\n\n\n\n<p>Foi aprovado o Projeto de Lei n\u00ba 549\/2019 de autoria do vereador Juan Pereira que disp\u00f5e sobre a prote\u00e7\u00e3o dos direitos das pessoas com transtornos do aspectro autista, ficando institu\u00edda a pol\u00edtica municipal de prote\u00e7\u00e3o dos direitos da pessoa com aspectro autista, no que se compreende: Transtorno autista, s\u00edndrome de aspenger, transtorno desintegrativo de inf\u00e2ncia, transtorno invasivo do desenvolvimento sem outra especifica\u00e7\u00e3o e s\u00edndrome de rett.<\/p>\n\n\n\n<div class=\"wp-block-image\"><figure class=\"aligncenter\"><a href=\"http:\/\/noticiasemdestaque.com\/cd\/wp-content\/uploads\/2019\/12\/IMG_0334.jpg\"><img decoding=\"async\" data-src=\"http:\/\/noticiasemdestaque.com\/cd\/wp-content\/uploads\/2019\/12\/IMG_0334-1006x1024.jpg\" alt=\"\" class=\"wp-image-21122 lazyload\" src=\"data:image\/svg+xml;base64,PHN2ZyB3aWR0aD0iMSIgaGVpZ2h0PSIxIiB4bWxucz0iaHR0cDovL3d3dy53My5vcmcvMjAwMC9zdmciPjwvc3ZnPg==\" style=\"--smush-placeholder-width: 1006px; --smush-placeholder-aspect-ratio: 1006\/1024;\" \/><\/a><\/figure><\/div>\n\n\n\n<p>Foi aprovado o projeto de Lei 513\/2019 de autoria do vereador Juan Pereira que disp\u00f5e sobre a cobran\u00e7a de tarifas pelas concession\u00e1rias de servi\u00e7o de \u00e1gua e esgoto no munic\u00edpio de Sum\u00e9. De acordo com o projeto somente poder\u00e1 ser cobrado pelo consumo de \u00e1gua e o servi\u00e7o de esgoto, de acordo com a leitura mensal do hidr\u00f4metro, a cada 30 dias, ficando vetada a cobran\u00e7a do consumo m\u00ednimo como acontece nos dias atuais.<\/p>\n\n\n\n<p>Foi aprovado o Projeto de Lei 533 de autoria do Poder Executivo que institui e disciplina o sistema de transporte individual de passageiro por motocicletas, mototaxi no \u00e2mbito do munic\u00edpio de Sum\u00e9.<\/p>\n\n\n\n<div class=\"wp-block-image\"><figure class=\"aligncenter\"><a href=\"http:\/\/noticiasemdestaque.com\/cd\/wp-content\/uploads\/2019\/12\/IMG_0348.jpg\"><img decoding=\"async\" data-src=\"http:\/\/noticiasemdestaque.com\/cd\/wp-content\/uploads\/2019\/12\/IMG_0348.jpg\" alt=\"\" class=\"wp-image-21120 lazyload\" src=\"data:image\/svg+xml;base64,PHN2ZyB3aWR0aD0iMSIgaGVpZ2h0PSIxIiB4bWxucz0iaHR0cDovL3d3dy53My5vcmcvMjAwMC9zdmciPjwvc3ZnPg==\" \/><\/a><\/figure><\/div>\n\n\n\n<p>Foi aprovado o projeto de resolu\u00e7\u00e3o n\u00ba 82\/2019 que concede o t\u00edtulo de cidad\u00e3o sumeense ao senhor Silm\u00e1 Ferreira Costa.<\/p>\n\n\n\n<div class=\"wp-block-image\"><figure class=\"aligncenter\"><a href=\"http:\/\/noticiasemdestaque.com\/cd\/wp-content\/uploads\/2019\/12\/IMG_0331.jpg\"><img decoding=\"async\" data-src=\"http:\/\/noticiasemdestaque.com\/cd\/wp-content\/uploads\/2019\/12\/IMG_0331-1024x779.jpg\" alt=\"\" class=\"wp-image-21121 lazyload\" src=\"data:image\/svg+xml;base64,PHN2ZyB3aWR0aD0iMSIgaGVpZ2h0PSIxIiB4bWxucz0iaHR0cDovL3d3dy53My5vcmcvMjAwMC9zdmciPjwvc3ZnPg==\" style=\"--smush-placeholder-width: 1024px; --smush-placeholder-aspect-ratio: 1024\/779;\" \/><\/a><\/figure><\/div>\n\n\n\n<p>Foi encaminhado as comiss\u00f5es o projeto de lei n\u00ba562\/2019 de autoria da vereadora Br\u00edgida Xavier, que institui o Dia da Consci\u00eancia Negra, 20 de novembro, como feriado municipal.<\/p>\n\n\n\n<p><\/p>\n\n\n\n<p>Com Ascom\/C\u00e2mara<\/p>\n","protected":false},"excerpt":{"rendered":"<p>Na noite desta ter\u00e7a-feira (03), aconteceu a reuni\u00e3o da C\u00e2mara de Vereadores de Sum\u00e9. Foi aprovado o Projeto de Lei n\u00ba 549\/2019 de autoria do&hellip; <\/p>\n","protected":false},"author":1,"featured_media":139586,"comment_status":"closed","ping_status":"closed","sticky":false,"template":"","format":"standard","meta":{"sfsi_plus_gutenberg_text_before_share":"","sfsi_plus_gutenberg_show_text_before_share":"","sfsi_plus_gutenberg_icon_type":"","sfsi_plus_gutenberg_icon_alignemt":"","sfsi_plus_gutenburg_max_per_row":"","footnotes":""},"categories":[6],"tags":[],"class_list":["post-139585","post","type-post","status-publish","format-standard","has-post-thumbnail","hentry","category-cidades"],"_links":{"self":[{"href":"https:\/\/www.caririemacao.com\/1\/wp-json\/wp\/v2\/posts\/139585","targetHints":{"allow":["GET"]}}],"collection":[{"href":"https:\/\/www.caririemacao.com\/1\/wp-json\/wp\/v2\/posts"}],"about":[{"href":"https:\/\/www.caririemacao.com\/1\/wp-json\/wp\/v2\/types\/post"}],"author":[{"embeddable":true,"href":"https:\/\/www.caririemacao.com\/1\/wp-json\/wp\/v2\/users\/1"}],"replies":[{"embeddable":true,"href":"https:\/\/www.caririemacao.com\/1\/wp-json\/wp\/v2\/comments?post=139585"}],"version-history":[{"count":1,"href":"https:\/\/www.caririemacao.com\/1\/wp-json\/wp\/v2\/posts\/139585\/revisions"}],"predecessor-version":[{"id":139587,"href":"https:\/\/www.caririemacao.com\/1\/wp-json\/wp\/v2\/posts\/139585\/revisions\/139587"}],"wp:featuredmedia":[{"embeddable":true,"href":"https:\/\/www.caririemacao.com\/1\/wp-json\/wp\/v2\/media\/139586"}],"wp:attachment":[{"href":"https:\/\/www.caririemacao.com\/1\/wp-json\/wp\/v2\/media?parent=139585"}],"wp:term":[{"taxonomy":"category","embeddable":true,"href":"https:\/\/www.caririemacao.com\/1\/wp-json\/wp\/v2\/categories?post=139585"},{"taxonomy":"post_tag","embeddable":true,"href":"https:\/\/www.caririemacao.com\/1\/wp-json\/wp\/v2\/tags?post=139585"}],"curies":[{"name":"wp","href":"https:\/\/api.w.org\/{rel}","templated":true}]}}