{"id":139589,"date":"2019-12-05T12:52:23","date_gmt":"2019-12-05T15:52:23","guid":{"rendered":"http:\/\/www.caririemacao.com\/1\/?p=139589"},"modified":"2019-12-05T12:52:23","modified_gmt":"2019-12-05T15:52:23","slug":"fluminense-e-fortaleza-nao-passam-de-empate-no-maracana","status":"publish","type":"post","link":"https:\/\/www.caririemacao.com\/1\/2019\/12\/05\/fluminense-e-fortaleza-nao-passam-de-empate-no-maracana\/","title":{"rendered":"Fluminense e Fortaleza n\u00e3o passam de empate no Maracan\u00e3"},"content":{"rendered":"\n<p>J\u00e1 livre da possibilidade de rebaixamento no Campeonato Brasileiro, o Fluminense recebeu o Fortaleza nesta quarta-feira (4), no Maracan\u00e3, e as equipes ficaram no empate sem gols, em uma partida que n\u00e3o foi das mais animadoras para as torcidas.<br>Com o resultado, o time carioca, que briga por vaga na Copa Sul-Americana, chegou aos 43 pontos, e subiu para a 14\u00aa coloca\u00e7\u00e3o, ultrapassando o Botafogo.<br>O Fortaleza, que iniciou a rodada ainda com chance de classifica\u00e7\u00e3o \u00e0 Copa Libertadores, chegou aos 50, em nono, e n\u00e3o tem mais chances de ir \u00e0 competi\u00e7\u00e3o continental -j\u00e1 que o Internacional, em oitavo, tem 54. O time tem ao menos vaga garantida na Sul-Americana.<br>Na pr\u00f3xima rodada, a \u00faltima da competi\u00e7\u00e3o, a ser disputada no domingo (8), o Fluminense visitar\u00e1 o Corinthians, enquanto a equipe de Rog\u00e9rio Ceni receber\u00e1 o Bahia.<\/p>\n\n\n\n<p>FLUMINENSE<br>Marcos Felipe, Gilberto, Nino, Dig\u00e3o e Caio Henrique; Yuri, Dodi, Daniel e Nen\u00ea (Wellington Nem); Yony Gonz\u00e1lez (Jo\u00e3o Pedro) e Marcos Paulo (Evanilson). T.: Marc\u00e3o<\/p>\n\n\n\n<p>FORTALEZA<br>Felipe Alves, Tinga, Quintero, Paul\u00e3o e Carlinhos; Felipe, Juninho, Osvaldo (Andr\u00e9 Lu\u00eds) e Edinho; Romarinho (Bruno Melo) e Wellington Paulista (Kieza). T.: Rog\u00e9rio Ceni<\/p>\n\n\n\n<p>Est\u00e1dio: Maracan\u00e3, no Rio de Janeiro (RJ)<br>P\u00fablico e renda: 39.034 pagantes; R$ 445.735,00<br>\u00c1rbitro: Raphael Claus (Fifa\/SP)<br>Assistentes: Danilo Ricardo Simon Manis (Fifa\/SP) e Alex Ang Ribeiro (SP)<br>VAR: Jose Claudio Rocha Filho (SP)<br>Cart\u00f5es amarelos: Dodi (2) e Yony Gonz\u00e1lez (FLU); Paul\u00e3o (2) (FOR)<br>Cart\u00f5es vermelhos: Dodi (FLU) e Paul\u00e3o (FOR)<\/p>\n\n\n\n<p><\/p>\n\n\n\n<p>UOL<\/p>\n","protected":false},"excerpt":{"rendered":"<p>J\u00e1 livre da possibilidade de rebaixamento no Campeonato Brasileiro, o Fluminense recebeu o Fortaleza nesta quarta-feira (4), no Maracan\u00e3, e as equipes ficaram no empate&hellip; <\/p>\n","protected":false},"author":1,"featured_media":139590,"comment_status":"closed","ping_status":"closed","sticky":false,"template":"","format":"standard","meta":{"sfsi_plus_gutenberg_text_before_share":"","sfsi_plus_gutenberg_show_text_before_share":"","sfsi_plus_gutenberg_icon_type":"","sfsi_plus_gutenberg_icon_alignemt":"","sfsi_plus_gutenburg_max_per_row":"","footnotes":""},"categories":[13],"tags":[],"class_list":["post-139589","post","type-post","status-publish","format-standard","has-post-thumbnail","hentry","category-esportes"],"_links":{"self":[{"href":"https:\/\/www.caririemacao.com\/1\/wp-json\/wp\/v2\/posts\/139589","targetHints":{"allow":["GET"]}}],"collection":[{"href":"https:\/\/www.caririemacao.com\/1\/wp-json\/wp\/v2\/posts"}],"about":[{"href":"https:\/\/www.caririemacao.com\/1\/wp-json\/wp\/v2\/types\/post"}],"author":[{"embeddable":true,"href":"https:\/\/www.caririemacao.com\/1\/wp-json\/wp\/v2\/users\/1"}],"replies":[{"embeddable":true,"href":"https:\/\/www.caririemacao.com\/1\/wp-json\/wp\/v2\/comments?post=139589"}],"version-history":[{"count":1,"href":"https:\/\/www.caririemacao.com\/1\/wp-json\/wp\/v2\/posts\/139589\/revisions"}],"predecessor-version":[{"id":139591,"href":"https:\/\/www.caririemacao.com\/1\/wp-json\/wp\/v2\/posts\/139589\/revisions\/139591"}],"wp:featuredmedia":[{"embeddable":true,"href":"https:\/\/www.caririemacao.com\/1\/wp-json\/wp\/v2\/media\/139590"}],"wp:attachment":[{"href":"https:\/\/www.caririemacao.com\/1\/wp-json\/wp\/v2\/media?parent=139589"}],"wp:term":[{"taxonomy":"category","embeddable":true,"href":"https:\/\/www.caririemacao.com\/1\/wp-json\/wp\/v2\/categories?post=139589"},{"taxonomy":"post_tag","embeddable":true,"href":"https:\/\/www.caririemacao.com\/1\/wp-json\/wp\/v2\/tags?post=139589"}],"curies":[{"name":"wp","href":"https:\/\/api.w.org\/{rel}","templated":true}]}}