{"id":139593,"date":"2019-12-05T12:57:28","date_gmt":"2019-12-05T15:57:28","guid":{"rendered":"http:\/\/www.caririemacao.com\/1\/?p=139593"},"modified":"2019-12-05T12:57:28","modified_gmt":"2019-12-05T15:57:28","slug":"intolerancia-religiosa-cresce-na-paraiba","status":"publish","type":"post","link":"https:\/\/www.caririemacao.com\/1\/2019\/12\/05\/intolerancia-religiosa-cresce-na-paraiba\/","title":{"rendered":"Intoler\u00e2ncia religiosa cresce na Para\u00edba"},"content":{"rendered":"\n<p>O n\u00famero de casos envolvendo intoler\u00e2ncia religiosa registrados pelo F\u00f3rum Paraibano da Diversidade Religiosa at\u00e9 o m\u00eas de novembro deste ano na Para\u00edba j\u00e1 \u00e9 maior do que 2018. De acordo com o coordenador do F\u00f3rum Paraibano de Diversidade Religiosa, Saulo Gimenez, o acompanhamento de casos de intoler\u00e2ncia religiosa pelo F\u00f3rum vem crescendo assustadoramente nos \u00faltimos anos. Foram oito casos em 2014, quando o F\u00f3rum foi criado. Em 2018, o n\u00famero saltou para 118. Este ano, de janeiro a novembro, j\u00e1 s\u00e3o 123, um aumento de quase 5% em rela\u00e7\u00e3o ao ano anterior.<\/p>\n\n\n\n<p>Para Saulo, a iniciativa da Defensoria P\u00fablica \u00e9 extremamente importante. \u201cTrata-se de um instrumento que est\u00e1 sendo criado justamente quando temos um aumento exacerbado. N\u00f3s temos acompanhando, enquanto F\u00f3rum, desde 2014 e estamos presenciando esse aumento ano a ano. Por isso procuramos a ouvidora da Defensoria, Andr\u00e9a Coutinho, para mediar a formaliza\u00e7\u00e3o desse instrumento\u201d, disse.<\/p>\n\n\n\n<p>Preocupada com esse aumento e atendendo a uma solicita\u00e7\u00e3o de representantes de v\u00e1rias cren\u00e7as, o N\u00facleo Especial de Direitos Humanos (Necid) da Defensoria P\u00fablica do Estado da Para\u00edba (DPE-PB) agora conta com uma defensora p\u00fablica para atuar nestes casos e fortalecer a luta em defesa da liberdade de express\u00e3o religiosa.&nbsp;A defensora p\u00fablica Lycia Maria Pereira do Nascimento foi apresentada oficialmente na \u00faltima quinta-feira (28) pelo defensor p\u00fablico-geral da Para\u00edba, Ricardo Jos\u00e9 Costa Souza Barros. Ela atender\u00e1 no Necid, localizado na Rua Monsenhor Walfredo Leal, 487. Como a defensora acumular\u00e1 com as varas em que j\u00e1 atua, o atendimento ocorrer\u00e1 por agendamento.<\/p>\n\n\n\n<p>Para Lycia, a Defensoria P\u00fablica prestigia a diversidade religiosa, em reflexo ao que j\u00e1 preconiza a Constitui\u00e7\u00e3o Federal, em seu artigo 5\u00ba, quando afirma que todos s\u00e3o iguais perante a lei, sem distin\u00e7\u00e3o de qualquer natureza. \u201cA liberdade de consci\u00eancia e de cren\u00e7a \u00e9 inviol\u00e1vel e a nossa Constitui\u00e7\u00e3o assegura o livre exerc\u00edcio dos cultos religiosos, garantindo, na forma da lei, a prote\u00e7\u00e3o aos locais de culto e suas liturgias\u201d, ressaltou.<\/p>\n\n\n\n<p>A defensora p\u00fablica tamb\u00e9m lembrou o livre arb\u00edtrio e afirmou que as religi\u00f5es t\u00eam em comum o fato de ajudar seus seguidores a encontrar um significado para o mundo e para a vida. \u201cA nossa diversidade religiosa deriva da nossa pr\u00f3pria liberdade de pensamento e compreende tamb\u00e9m outras liberdades, como as de cren\u00e7a, de culto de organiza\u00e7\u00e3o religiosa e de express\u00e3o\u201d, frisou.<\/p>\n\n\n\n<p>PRESEN\u00c7AS \u2013 Estiveram presentes na apresenta\u00e7\u00e3o da defensora p\u00fablica lideran\u00e7as das religi\u00f5es Isl\u00e3, Candombl\u00e9, Igreja de Jesus Cristo dos Santos dos \u00daltimos Dias, Igreja das Comunidades Metropolitanas, Igreja Cat\u00f3lica Independente, Juda\u00edsmo, Igreja Messi\u00e2nica, Zen Budismo, Jurema Sagrada, Wica Tradicional, Igreja Batista, Umbanda, Espiritismo, Budismo Tibetano, al\u00e9m de representantes de institui\u00e7\u00f5es de cunho filos\u00f3fico como Ma\u00e7onaria, Thelema e URI Borborema \u2013 Iniciativa das Religi\u00f5es Unidas.<\/p>\n\n\n\n<p><strong>OBSERVAT\u00d3RIO DE VIOL\u00caNCIAS \u2013<\/strong>&nbsp;Esta n\u00e3o \u00e9 a primeira a\u00e7\u00e3o da Defensoria P\u00fablica de combate a intoler\u00e2ncia. Em novembro do ano passado, a DPE e v\u00e1rios \u00f3rg\u00e3os lan\u00e7aram o Observat\u00f3rio Interinstitucional de Viol\u00eancias por Intoler\u00e2ncia, que \u00e9 uma central virtual respons\u00e1vel por receber e acompanhar as den\u00fancias de viol\u00eancias motivadas por preconceitos e atos de intoler\u00e2ncia de qualquer natureza.<\/p>\n\n\n\n<p>As pessoas que desejarem reportar casos de intoler\u00e2ncia e viol\u00eancia na Para\u00edba \u2013 seja por religi\u00e3o, orienta\u00e7\u00e3o sexual, identidade de g\u00eanero, cor, ra\u00e7a, etnia, orienta\u00e7\u00e3o ideol\u00f3gica, pol\u00edtica ou qualquer outra \u2013 devem acessar o formul\u00e1rio dispon\u00edvel do site da Defensoria (www.defensoria.pb.def.br.) e responder sobre o tipo de viol\u00eancia, a raz\u00e3o e o contexto.<\/p>\n\n\n\n<p>O sistema tamb\u00e9m permite que as v\u00edtimas indiquem os agressores e informe sobre a exist\u00eancia de provas. Apenas dever\u00e3o ser registrados casos ocorridos no estado da Para\u00edba. O sigilo das informa\u00e7\u00f5es \u00e9 garantido.<\/p>\n\n\n\n<p>MaisPB<\/p>\n","protected":false},"excerpt":{"rendered":"<p>O n\u00famero de casos envolvendo intoler\u00e2ncia religiosa registrados pelo F\u00f3rum Paraibano da Diversidade Religiosa at\u00e9 o m\u00eas de novembro deste ano na Para\u00edba j\u00e1 \u00e9&hellip; <\/p>\n","protected":false},"author":1,"featured_media":139595,"comment_status":"closed","ping_status":"closed","sticky":false,"template":"","format":"standard","meta":{"sfsi_plus_gutenberg_text_before_share":"","sfsi_plus_gutenberg_show_text_before_share":"","sfsi_plus_gutenberg_icon_type":"","sfsi_plus_gutenberg_icon_alignemt":"","sfsi_plus_gutenburg_max_per_row":"","footnotes":""},"categories":[2],"tags":[],"class_list":["post-139593","post","type-post","status-publish","format-standard","has-post-thumbnail","hentry","category-geral"],"_links":{"self":[{"href":"https:\/\/www.caririemacao.com\/1\/wp-json\/wp\/v2\/posts\/139593","targetHints":{"allow":["GET"]}}],"collection":[{"href":"https:\/\/www.caririemacao.com\/1\/wp-json\/wp\/v2\/posts"}],"about":[{"href":"https:\/\/www.caririemacao.com\/1\/wp-json\/wp\/v2\/types\/post"}],"author":[{"embeddable":true,"href":"https:\/\/www.caririemacao.com\/1\/wp-json\/wp\/v2\/users\/1"}],"replies":[{"embeddable":true,"href":"https:\/\/www.caririemacao.com\/1\/wp-json\/wp\/v2\/comments?post=139593"}],"version-history":[{"count":1,"href":"https:\/\/www.caririemacao.com\/1\/wp-json\/wp\/v2\/posts\/139593\/revisions"}],"predecessor-version":[{"id":139596,"href":"https:\/\/www.caririemacao.com\/1\/wp-json\/wp\/v2\/posts\/139593\/revisions\/139596"}],"wp:featuredmedia":[{"embeddable":true,"href":"https:\/\/www.caririemacao.com\/1\/wp-json\/wp\/v2\/media\/139595"}],"wp:attachment":[{"href":"https:\/\/www.caririemacao.com\/1\/wp-json\/wp\/v2\/media?parent=139593"}],"wp:term":[{"taxonomy":"category","embeddable":true,"href":"https:\/\/www.caririemacao.com\/1\/wp-json\/wp\/v2\/categories?post=139593"},{"taxonomy":"post_tag","embeddable":true,"href":"https:\/\/www.caririemacao.com\/1\/wp-json\/wp\/v2\/tags?post=139593"}],"curies":[{"name":"wp","href":"https:\/\/api.w.org\/{rel}","templated":true}]}}