{"id":139599,"date":"2019-12-05T13:06:38","date_gmt":"2019-12-05T16:06:38","guid":{"rendered":"http:\/\/www.caririemacao.com\/1\/?p=139599"},"modified":"2019-12-05T13:06:38","modified_gmt":"2019-12-05T16:06:38","slug":"bolsonaro-recebe-lideres-sul-americanos-para-55a-cupula-do-mercosul","status":"publish","type":"post","link":"https:\/\/www.caririemacao.com\/1\/2019\/12\/05\/bolsonaro-recebe-lideres-sul-americanos-para-55a-cupula-do-mercosul\/","title":{"rendered":"Bolsonaro recebe l\u00edderes sul-americanos para 55\u00aa C\u00fapula do Mercosul"},"content":{"rendered":"\n<p>O presidente Jair Bolsonaro recebe hoje (5) em Bento Gon\u00e7alves, no Vale do Vinhedos, Rio Grande do Sul, os presidentes dos pa\u00edses integrantes do Mercosul e representantes de estados associados para a 55\u00aa c\u00fapula do bloco. A reuni\u00e3o plen\u00e1ria, que come\u00e7ou pouco depois das 11h30, conta com a presen\u00e7a dos presidentes argentino Maur\u00edcio Macri e paraguaio Mario Abdo Ben\u00edtez e da vice-presidente uruguaia Luc\u00eda Topolansky, representando o presidente Tabar\u00e9 V\u00e1squez, que est\u00e1 em tratamento contra o c\u00e2ncer.<\/p>\n\n\n\n<p>Em seguida \u00e0 plen\u00e1ria, os chefes de Estado assinar\u00e3o&nbsp;<a href=\"http:\/\/agenciabrasil.ebc.com.br\/internacional\/noticia\/2019-11\/itamaraty-adianta-acordos-que-serao-discutidos-na-cupula-do-mercosul\" target=\"_blank\" rel=\"noreferrer noopener\">acordos diplom\u00e1ticos<\/a>&nbsp;sobre prote\u00e7\u00e3o m\u00fatua de indica\u00e7\u00f5es geogr\u00e1ficas, coopera\u00e7\u00e3o policial na fronteira, transporte de produtos perigosos, servi\u00e7os financeiros, defesa do consumidor e reconhecimento rec\u00edproco de assinaturas digitais. Os representantes dos pa\u00edses do bloco devem tratar tamb\u00e9m sobre desenvolvimento sustent\u00e1vel, turismo, combate a crimes transnacionais e \u00e0 corrup\u00e7\u00e3o e a agenda de enxugamento do Mercosul.<\/p>\n\n\n\n<p>A c\u00fapula come\u00e7ou ontem (4) com um encontro preparat\u00f3rio dos ministros de&nbsp;<a href=\"http:\/\/agenciabrasil.ebc.com.br\/internacional\/noticia\/2019-12\/chanceleres-participam-de-encontro-preparatorio-da-cupula-do-mercosul\" target=\"_blank\" rel=\"noreferrer noopener\">Rela\u00e7\u00f5es Exteriores<\/a>&nbsp;que fazem parte do Conselho do Mercado Comum (CMC) e a entrega do relat\u00f3rio com as principais a\u00e7\u00f5es do bloco sob a presid\u00eancia pro tempore do Brasil, como as negocia\u00e7\u00f5es do acordo de livre comercio com a Associa\u00e7\u00e3o Europeia de Livre Com\u00e9rcio (EFTA).<\/p>\n\n\n\n<p>A C\u00fapula do Vale dos Vinhedos encerra a presid\u00eancia brasileira do Mercosul, que ser\u00e1 transferida para o Paraguai pelos pr\u00f3ximos seis meses.<\/p>\n\n\n\n<p>O Mercosul \u00e9 composto pela Argentina, Brasil, Paraguai e Uruguai. A Venezuela est\u00e1 suspensa desde 2017, por ruptura da ordem democr\u00e1tica e descumprimento de cl\u00e1usulas ligadas a direitos humanos do bloco. Os pa\u00edses associados s\u00e3o Chile, Bol\u00edvia, Peru, Col\u00f4mbia, Equador, Guiana e Suriname.<\/p>\n\n\n\n<p>De acordo com o Minist\u00e9rio das Rela\u00e7\u00f5es Exteriores, os pa\u00edses do Mercosul equivalem \u00e0 quinta economia do mundo. Desde sua funda\u00e7\u00e3o, as trocas comerciais do bloco multiplicaram quase dez vezes: de US$ 4,5 bilh\u00f5es, em 1991, para US$ 44,9 bilh\u00f5es em 2018. Em 2018, o Brasil exportou US$ 20,83 bilh\u00f5es para o MERCOSUL e importou US$ 13,37 bilh\u00f5es, com um super\u00e1vit de US$ 7,46 bilh\u00f5es.<\/p>\n\n\n\n<h2 class=\"wp-block-heading\">Bilateral<\/h2>\n\n\n\n<p>O presidente brasileiro chegou a Bento Gon\u00e7alves pouco antes das 10h. Sete ministros integram a comitiva: Paulo Guedes (Economia), Onyx Lorenzoni (Casa Civil), Ernesto Ara\u00fajo (Rela\u00e7\u00f5es Exteriores), Tereza Cristina (Agricultura Pecu\u00e1ria e Abastecimento), Luiz Henrique Mandetta (Sa\u00fade), Osmar Terra (Cidadania) e o presidente do Banco Central, Roberto Campos Neto.<\/p>\n\n\n\n<p>Antes da c\u00fapula, o presidente Bolsonaro se encontrou com o presidente do Paraguai, Mario Abdo Ben\u00edtez. Um acordo automotivo entre os dois pa\u00edses est\u00e1 em discuss\u00e3o.<\/p>\n\n\n\n<p>O setor automotivo n\u00e3o foi inclu\u00eddo nas regras comerciais do Mercosul. Por essa raz\u00e3o, os pa\u00edses que integram o bloco (Argentina, Brasil, Paraguai e Uruguai) estabeleceram acordos bilaterais para reduzir ou eliminar tarifas no setor. O Paraguai \u00e9 o \u00fanico entre os integrantes do Mercosul que ainda n\u00e3o mant\u00e9m um acordo do tipo com o Brasil.<\/p>\n\n\n\n<p>Se aprovado, o acordo automotivo pode ampliar as exporta\u00e7\u00f5es de autom\u00f3veis fabricados no Brasil para o Paraguai. O pa\u00eds vizinho tamb\u00e9m tende a se beneficiar, j\u00e1 que exporta pe\u00e7as e equipamentos que s\u00e3o usados na montagem de carros no Brasil.<\/p>\n\n\n\n<p>Logo ap\u00f3s a reuni\u00e3o de c\u00fapula, haver\u00e1 uma cerim\u00f4nia de plantio das vinhas e, em seguida, Bolsonaro oferece almo\u00e7o aos participantes do encontro. No in\u00edcio da tarde, tamb\u00e9m est\u00e1 prevista uma declara\u00e7\u00e3o \u00e0 imprensa. O presidente brasileiro deve deixar Bento Gon\u00e7alves \u00e0s 17h e vai ao Rio da Janeiro para assistir ao jogo Flamengo x Ava\u00ed, no Maracan\u00e3.<\/p>\n","protected":false},"excerpt":{"rendered":"<p>O presidente Jair Bolsonaro recebe hoje (5) em Bento Gon\u00e7alves, no Vale do Vinhedos, Rio Grande do Sul, os presidentes dos pa\u00edses integrantes do Mercosul&hellip; <\/p>\n","protected":false},"author":1,"featured_media":139057,"comment_status":"closed","ping_status":"closed","sticky":false,"template":"","format":"standard","meta":{"sfsi_plus_gutenberg_text_before_share":"","sfsi_plus_gutenberg_show_text_before_share":"","sfsi_plus_gutenberg_icon_type":"","sfsi_plus_gutenberg_icon_alignemt":"","sfsi_plus_gutenburg_max_per_row":"","footnotes":""},"categories":[11],"tags":[],"class_list":["post-139599","post","type-post","status-publish","format-standard","has-post-thumbnail","hentry","category-politica"],"_links":{"self":[{"href":"https:\/\/www.caririemacao.com\/1\/wp-json\/wp\/v2\/posts\/139599","targetHints":{"allow":["GET"]}}],"collection":[{"href":"https:\/\/www.caririemacao.com\/1\/wp-json\/wp\/v2\/posts"}],"about":[{"href":"https:\/\/www.caririemacao.com\/1\/wp-json\/wp\/v2\/types\/post"}],"author":[{"embeddable":true,"href":"https:\/\/www.caririemacao.com\/1\/wp-json\/wp\/v2\/users\/1"}],"replies":[{"embeddable":true,"href":"https:\/\/www.caririemacao.com\/1\/wp-json\/wp\/v2\/comments?post=139599"}],"version-history":[{"count":1,"href":"https:\/\/www.caririemacao.com\/1\/wp-json\/wp\/v2\/posts\/139599\/revisions"}],"predecessor-version":[{"id":139600,"href":"https:\/\/www.caririemacao.com\/1\/wp-json\/wp\/v2\/posts\/139599\/revisions\/139600"}],"wp:featuredmedia":[{"embeddable":true,"href":"https:\/\/www.caririemacao.com\/1\/wp-json\/wp\/v2\/media\/139057"}],"wp:attachment":[{"href":"https:\/\/www.caririemacao.com\/1\/wp-json\/wp\/v2\/media?parent=139599"}],"wp:term":[{"taxonomy":"category","embeddable":true,"href":"https:\/\/www.caririemacao.com\/1\/wp-json\/wp\/v2\/categories?post=139599"},{"taxonomy":"post_tag","embeddable":true,"href":"https:\/\/www.caririemacao.com\/1\/wp-json\/wp\/v2\/tags?post=139599"}],"curies":[{"name":"wp","href":"https:\/\/api.w.org\/{rel}","templated":true}]}}