{"id":139602,"date":"2019-12-05T13:08:03","date_gmt":"2019-12-05T16:08:03","guid":{"rendered":"http:\/\/www.caririemacao.com\/1\/?p=139602"},"modified":"2019-12-05T13:08:03","modified_gmt":"2019-12-05T16:08:03","slug":"consulta-aos-locais-de-reaplicacao-do-enem-ja-esta-disponivel","status":"publish","type":"post","link":"https:\/\/www.caririemacao.com\/1\/2019\/12\/05\/consulta-aos-locais-de-reaplicacao-do-enem-ja-esta-disponivel\/","title":{"rendered":"Consulta aos locais de reaplica\u00e7\u00e3o do Enem j\u00e1 est\u00e1 dispon\u00edvel"},"content":{"rendered":"\n<p>Quem teve a solicita\u00e7\u00e3o de reaplica\u00e7\u00e3o do Exame Nacional do Ensino M\u00e9dio (Enem) 2019 aprovada j\u00e1 pode conferir os locais de prova. A informa\u00e7\u00e3o est\u00e1 dispon\u00edvel na&nbsp;<a href=\"https:\/\/enem.inep.gov.br\/participante\/#!\/\" target=\"_blank\" rel=\"noreferrer noopener\">P\u00e1gina do Participante<\/a>, dentro do&nbsp;<em>site&nbsp;<\/em>do Enem. O segundo exame ser\u00e1 feito por 2 mil candidatos.<\/p>\n\n\n\n<p>A reaplica\u00e7\u00e3o das provas ser\u00e1 nos dias 10 e 11 dezembro. Para acessar a P\u00e1gina do Participante, \u00e9 necess\u00e1rio inserir CPF e senha j\u00e1 cadastrados. Quem esqueceu a senha&nbsp;pode recuper\u00e1-la no pr\u00f3prio&nbsp;<em>site<\/em>.<\/p>\n\n\n\n<p>O Instituto Nacional de Estudos e Pesquisas Educacionais An\u00edsio Teixeira (Inep), vinculado ao Minist\u00e9rio da Educa\u00e7\u00e3o (MEC) e respons\u00e1vel pela aplica\u00e7\u00e3o do exame, tem um v\u00eddeo com o passo a passo de como entrar na p\u00e1gina.<\/p>\n\n\n\n<p>Os participantes tiveram de 11 a 18 de novembro para solicitar a reaplica\u00e7\u00e3o do exame. S\u00e3o tr\u00eas os casos que o Inep classifica como problemas log\u00edsticos: desastres naturais que tenham prejudicado a aplica\u00e7\u00e3o do exame por conta do comprometimento da infraestrutura do local;&nbsp;falta de energia el\u00e9trica que tenha comprometido a visibilidade da prova; e falha de procedimento de aplica\u00e7\u00e3o que tenha causado preju\u00edzo comprovado ao participante.<\/p>\n\n\n\n<p><em>* Com informa\u00e7\u00f5es do Minist\u00e9rio da Educa\u00e7\u00e3o<\/em>&nbsp;<\/p>\n","protected":false},"excerpt":{"rendered":"<p>Quem teve a solicita\u00e7\u00e3o de reaplica\u00e7\u00e3o do Exame Nacional do Ensino M\u00e9dio (Enem) 2019 aprovada j\u00e1 pode conferir os locais de prova. A informa\u00e7\u00e3o est\u00e1&hellip; <\/p>\n","protected":false},"author":1,"featured_media":127083,"comment_status":"closed","ping_status":"closed","sticky":false,"template":"","format":"standard","meta":{"sfsi_plus_gutenberg_text_before_share":"","sfsi_plus_gutenberg_show_text_before_share":"","sfsi_plus_gutenberg_icon_type":"","sfsi_plus_gutenberg_icon_alignemt":"","sfsi_plus_gutenburg_max_per_row":"","footnotes":""},"categories":[14],"tags":[],"class_list":["post-139602","post","type-post","status-publish","format-standard","has-post-thumbnail","hentry","category-educacao"],"_links":{"self":[{"href":"https:\/\/www.caririemacao.com\/1\/wp-json\/wp\/v2\/posts\/139602","targetHints":{"allow":["GET"]}}],"collection":[{"href":"https:\/\/www.caririemacao.com\/1\/wp-json\/wp\/v2\/posts"}],"about":[{"href":"https:\/\/www.caririemacao.com\/1\/wp-json\/wp\/v2\/types\/post"}],"author":[{"embeddable":true,"href":"https:\/\/www.caririemacao.com\/1\/wp-json\/wp\/v2\/users\/1"}],"replies":[{"embeddable":true,"href":"https:\/\/www.caririemacao.com\/1\/wp-json\/wp\/v2\/comments?post=139602"}],"version-history":[{"count":1,"href":"https:\/\/www.caririemacao.com\/1\/wp-json\/wp\/v2\/posts\/139602\/revisions"}],"predecessor-version":[{"id":139603,"href":"https:\/\/www.caririemacao.com\/1\/wp-json\/wp\/v2\/posts\/139602\/revisions\/139603"}],"wp:featuredmedia":[{"embeddable":true,"href":"https:\/\/www.caririemacao.com\/1\/wp-json\/wp\/v2\/media\/127083"}],"wp:attachment":[{"href":"https:\/\/www.caririemacao.com\/1\/wp-json\/wp\/v2\/media?parent=139602"}],"wp:term":[{"taxonomy":"category","embeddable":true,"href":"https:\/\/www.caririemacao.com\/1\/wp-json\/wp\/v2\/categories?post=139602"},{"taxonomy":"post_tag","embeddable":true,"href":"https:\/\/www.caririemacao.com\/1\/wp-json\/wp\/v2\/tags?post=139602"}],"curies":[{"name":"wp","href":"https:\/\/api.w.org\/{rel}","templated":true}]}}