{"id":139610,"date":"2019-12-05T13:10:57","date_gmt":"2019-12-05T16:10:57","guid":{"rendered":"http:\/\/www.caririemacao.com\/1\/?p=139610"},"modified":"2019-12-05T13:10:57","modified_gmt":"2019-12-05T16:10:57","slug":"nos-comunicamos-mal-diz-toffoli-sobre-poder-judiciario","status":"publish","type":"post","link":"https:\/\/www.caririemacao.com\/1\/2019\/12\/05\/nos-comunicamos-mal-diz-toffoli-sobre-poder-judiciario\/","title":{"rendered":"\u201cNos comunicamos mal\u201d, diz Toffoli sobre Poder Judici\u00e1rio"},"content":{"rendered":"\n<p>O presidente do Conselho Nacional de Justi\u00e7a (CNJ) e do Supremo Tribunal Federal (STF), ministro Dias Toffoli, afirmou&nbsp;hoje&nbsp;(5) que o Poder Judici\u00e1rio como um todo se comunica muito mal, perdendo para outras institui\u00e7\u00f5es o prest\u00edgio gerado na opini\u00e3o p\u00fablica pelo combate \u00e0 corrup\u00e7\u00e3o observado nos \u00faltimos anos no Brasil.<\/p>\n\n\n\n<p>&#8220;N\u00f3s nos comunicamos mal.&nbsp;O que se divulga cotidianamente: a Pol\u00edcia Federal prendeu, e o que se divulga depois: a Justi\u00e7a soltou. Quem mandou prender foi a Justi\u00e7a. Vejam a nossa dificuldade de comunica\u00e7\u00e3o\u201d, exemplificou Toffoli. \u201cA imagem que ficou nesses \u00faltimos anos \u00e9 que a Justi\u00e7a s\u00f3 serve para soltar\u201d, afirmou.<\/p>\n\n\n\n<p>Para o ministro, o Judici\u00e1rio deveria ser mais reconhecido pelo combate ao crime, pois delegados da PF, por exemplo, seriam apenas \u201cinstrumentos\u201d que cumprem decis\u00f5es judiciais.<\/p>\n\n\n\n<p>\u201cA Pol\u00edcia Federal se comunica bem com a imprensa, o Minist\u00e9rio P\u00fablico se comunica bem com a imprensa. N\u00f3s, do Poder Judici\u00e1rio, n\u00e3o estamos nos comunicando bem. O capital do ponto de vista de apoiamento de a\u00e7\u00f5es como de combate \u00e0 corrup\u00e7\u00e3o, que s\u00e3o decis\u00e3o do Judici\u00e1rio, esse capital \u00e9, na comunica\u00e7\u00e3o, perdido para outras institui\u00e7\u00f5es\u201d, avaliou.<\/p>\n\n\n\n<p>As declara\u00e7\u00f5es foram feitas durante encontro organizado pelo CNJ em Bras\u00edlia que re\u00fane assessores de tribunais de todo o pa\u00eds para debater a comunica\u00e7\u00e3o no \u00e2mbito do Poder Judici\u00e1rio. O evento marcou a cria\u00e7\u00e3o de uma plataforma unificada para a troca e promo\u00e7\u00e3o de boas pr\u00e1ticas de comunica\u00e7\u00e3o entre as cortes brasileiras.<\/p>\n\n\n\n<p>Em seu discurso, Toffoli provocou servidores e magistrados que, para ele, introjetam sensos comuns equivocados sobre o Judici\u00e1rio brasileiro, entre os quais a ideia de que a Justi\u00e7a \u00e9 morosa ou inoperante. Ele citou, como exemplo, dados sobre a produtividade da Justi\u00e7a do Trabalho, cuja exist\u00eancia defendeu. \u201cN\u00f3s n\u00e3o temos o direito de criticar que a imprensa est\u00e1 divulgando erroneamente, porque n\u00f3s mesmos temos esse senso comum. N\u00f3s, servidores, n\u00f3s, julgadores, n\u00f3s, assessores de comunica\u00e7\u00e3o. N\u00f3s estamos alimentando um senso comum que nos prejudica\u201d, disse o ministro.<\/p>\n","protected":false},"excerpt":{"rendered":"<p>O presidente do Conselho Nacional de Justi\u00e7a (CNJ) e do Supremo Tribunal Federal (STF), ministro Dias Toffoli, afirmou&nbsp;hoje&nbsp;(5) que o Poder Judici\u00e1rio como um todo&hellip; <\/p>\n","protected":false},"author":1,"featured_media":65756,"comment_status":"closed","ping_status":"closed","sticky":false,"template":"","format":"standard","meta":{"sfsi_plus_gutenberg_text_before_share":"","sfsi_plus_gutenberg_show_text_before_share":"","sfsi_plus_gutenberg_icon_type":"","sfsi_plus_gutenberg_icon_alignemt":"","sfsi_plus_gutenburg_max_per_row":"","footnotes":""},"categories":[11],"tags":[],"class_list":["post-139610","post","type-post","status-publish","format-standard","has-post-thumbnail","hentry","category-politica"],"_links":{"self":[{"href":"https:\/\/www.caririemacao.com\/1\/wp-json\/wp\/v2\/posts\/139610","targetHints":{"allow":["GET"]}}],"collection":[{"href":"https:\/\/www.caririemacao.com\/1\/wp-json\/wp\/v2\/posts"}],"about":[{"href":"https:\/\/www.caririemacao.com\/1\/wp-json\/wp\/v2\/types\/post"}],"author":[{"embeddable":true,"href":"https:\/\/www.caririemacao.com\/1\/wp-json\/wp\/v2\/users\/1"}],"replies":[{"embeddable":true,"href":"https:\/\/www.caririemacao.com\/1\/wp-json\/wp\/v2\/comments?post=139610"}],"version-history":[{"count":1,"href":"https:\/\/www.caririemacao.com\/1\/wp-json\/wp\/v2\/posts\/139610\/revisions"}],"predecessor-version":[{"id":139611,"href":"https:\/\/www.caririemacao.com\/1\/wp-json\/wp\/v2\/posts\/139610\/revisions\/139611"}],"wp:featuredmedia":[{"embeddable":true,"href":"https:\/\/www.caririemacao.com\/1\/wp-json\/wp\/v2\/media\/65756"}],"wp:attachment":[{"href":"https:\/\/www.caririemacao.com\/1\/wp-json\/wp\/v2\/media?parent=139610"}],"wp:term":[{"taxonomy":"category","embeddable":true,"href":"https:\/\/www.caririemacao.com\/1\/wp-json\/wp\/v2\/categories?post=139610"},{"taxonomy":"post_tag","embeddable":true,"href":"https:\/\/www.caririemacao.com\/1\/wp-json\/wp\/v2\/tags?post=139610"}],"curies":[{"name":"wp","href":"https:\/\/api.w.org\/{rel}","templated":true}]}}