{"id":139614,"date":"2019-12-05T13:33:04","date_gmt":"2019-12-05T16:33:04","guid":{"rendered":"http:\/\/www.caririemacao.com\/1\/?p=139614"},"modified":"2019-12-05T13:33:04","modified_gmt":"2019-12-05T16:33:04","slug":"prefeitura-de-sume-e-parceiros-iniciam-projeto-com-recicladores-do-municipio","status":"publish","type":"post","link":"https:\/\/www.caririemacao.com\/1\/2019\/12\/05\/prefeitura-de-sume-e-parceiros-iniciam-projeto-com-recicladores-do-municipio\/","title":{"rendered":"Prefeitura de Sum\u00e9 e parceiros iniciam projeto com recicladores do munic\u00edpio"},"content":{"rendered":"\n<p>A Prefeitura de Sum\u00e9, atrav\u00e9s da Secretaria de Administra\u00e7\u00e3o, juntamente com o Governo do Estado da Para\u00edba, realizaram nesta quinta-feira (05) uma reuni\u00e3o com os recicladores do munic\u00edpio de Sum\u00e9, popularmente conhecidos como catadores de lixo, para participarem de um processo de cadastramento realizado pelo Instituto Brasileiro de Desenvolvimento Humano e Social de Jo\u00e3o Pessoa-PB. Presente \u00e0 reuni\u00e3o esteve o secret\u00e1rio de Administra\u00e7\u00e3o, Bon\u00edlson Tim\u00f3teo.<\/p>\n\n\n\n<p>O Projeto \u00e9 um conv\u00eanio firmado entre a prefeitura e o Governo do Estado. O munic\u00edpio de Sum\u00e9 est\u00e1 entre os 37 munic\u00edpios paraibanos contemplados com o conv\u00eanio.<\/p>\n\n\n\n<p>O Instituto de Desenvolvimento Humano far\u00e1 um trabalho de capacita\u00e7\u00e3o com os recicladores que fazem parte da Associa\u00e7\u00e3o dos Catadores de Lixo de Sum\u00e9. Ser\u00e3o escolhidos 10 membros da associa\u00e7\u00e3o que ir\u00e3o receber as devidas orienta\u00e7\u00f5es e repassar aos demais recicladores associados.<\/p>\n\n\n\n<p>Os catadores associados e cadastrados pelo Instituto, poder\u00e3o, por exemplo, recolher o lixo recicl\u00e1vel diretamente com os comerciantes e com as reparti\u00e7\u00f5es p\u00fablicas. Estes dever\u00e3o entregar o material somente \u00e0queles que fazem parte da associa\u00e7\u00e3o.<\/p>\n\n\n\n<p>A Prefeitura de Sum\u00e9 e o Governo do Estado deram in\u00edcio \u00e0s melhorias no Aterro Sanit\u00e1rio para que a associa\u00e7\u00e3o de catadores possam ter melhores condi\u00e7\u00f5es de trabalho no local. Os servi\u00e7os ainda passar\u00e3o por supervis\u00e3o da Sudema.<\/p>\n\n\n\n<p>Ascom PMS<\/p>\n","protected":false},"excerpt":{"rendered":"<p>A Prefeitura de Sum\u00e9, atrav\u00e9s da Secretaria de Administra\u00e7\u00e3o, juntamente com o Governo do Estado da Para\u00edba, realizaram nesta quinta-feira (05) uma reuni\u00e3o com os&hellip; <\/p>\n","protected":false},"author":1,"featured_media":139615,"comment_status":"closed","ping_status":"closed","sticky":false,"template":"","format":"standard","meta":{"sfsi_plus_gutenberg_text_before_share":"","sfsi_plus_gutenberg_show_text_before_share":"","sfsi_plus_gutenberg_icon_type":"","sfsi_plus_gutenberg_icon_alignemt":"","sfsi_plus_gutenburg_max_per_row":"","footnotes":""},"categories":[6],"tags":[],"class_list":["post-139614","post","type-post","status-publish","format-standard","has-post-thumbnail","hentry","category-cidades"],"_links":{"self":[{"href":"https:\/\/www.caririemacao.com\/1\/wp-json\/wp\/v2\/posts\/139614","targetHints":{"allow":["GET"]}}],"collection":[{"href":"https:\/\/www.caririemacao.com\/1\/wp-json\/wp\/v2\/posts"}],"about":[{"href":"https:\/\/www.caririemacao.com\/1\/wp-json\/wp\/v2\/types\/post"}],"author":[{"embeddable":true,"href":"https:\/\/www.caririemacao.com\/1\/wp-json\/wp\/v2\/users\/1"}],"replies":[{"embeddable":true,"href":"https:\/\/www.caririemacao.com\/1\/wp-json\/wp\/v2\/comments?post=139614"}],"version-history":[{"count":1,"href":"https:\/\/www.caririemacao.com\/1\/wp-json\/wp\/v2\/posts\/139614\/revisions"}],"predecessor-version":[{"id":139616,"href":"https:\/\/www.caririemacao.com\/1\/wp-json\/wp\/v2\/posts\/139614\/revisions\/139616"}],"wp:featuredmedia":[{"embeddable":true,"href":"https:\/\/www.caririemacao.com\/1\/wp-json\/wp\/v2\/media\/139615"}],"wp:attachment":[{"href":"https:\/\/www.caririemacao.com\/1\/wp-json\/wp\/v2\/media?parent=139614"}],"wp:term":[{"taxonomy":"category","embeddable":true,"href":"https:\/\/www.caririemacao.com\/1\/wp-json\/wp\/v2\/categories?post=139614"},{"taxonomy":"post_tag","embeddable":true,"href":"https:\/\/www.caririemacao.com\/1\/wp-json\/wp\/v2\/tags?post=139614"}],"curies":[{"name":"wp","href":"https:\/\/api.w.org\/{rel}","templated":true}]}}