{"id":139621,"date":"2019-12-06T07:24:24","date_gmt":"2019-12-06T10:24:24","guid":{"rendered":"http:\/\/www.caririemacao.com\/1\/?p=139621"},"modified":"2019-12-06T07:24:24","modified_gmt":"2019-12-06T10:24:24","slug":"tiroteio-deixa-homem-morto-e-outro-gravemente-ferido-na-paraiba","status":"publish","type":"post","link":"https:\/\/www.caririemacao.com\/1\/2019\/12\/06\/tiroteio-deixa-homem-morto-e-outro-gravemente-ferido-na-paraiba\/","title":{"rendered":"Tiroteio deixa homem morto e outro gravemente ferido na Para\u00edba"},"content":{"rendered":"\n<p>Um homem foi assassinado a tiros, na noite desta quinta-feira (5),&nbsp;Aldeia Camarupim, na cidade de Marca\u00e7\u00e3o, litoral Norte da Para\u00edba. Al\u00e9m dele, um outro homem ficou gravemente ferido.&nbsp;<\/p>\n\n\n\n<p>De acordo com informa\u00e7\u00f5es de moradores da localidade, uma das v\u00edtimas foi reconhecida pelo nome de Neto, que morreu no local, a outra vitima foi identificada como Jos\u00e9 Emerson Gomes da Silva, 21 anos, que foi socorrida por uma equipe do Samu em estado grave, para o Hospital de Emerg\u00eancia e Trauma da capital.<\/p>\n\n\n\n<p>A Policia Civil ainda n\u00e3o tem informa\u00e7\u00f5es sobre a autoria e motiva\u00e7\u00e3o dos crimes, mas segue investigando o caso.<\/p>\n","protected":false},"excerpt":{"rendered":"<p>Um homem foi assassinado a tiros, na noite desta quinta-feira (5),&nbsp;Aldeia Camarupim, na cidade de Marca\u00e7\u00e3o, litoral Norte da Para\u00edba. Al\u00e9m dele, um outro homem&hellip; <\/p>\n","protected":false},"author":1,"featured_media":139623,"comment_status":"closed","ping_status":"closed","sticky":false,"template":"","format":"standard","meta":{"sfsi_plus_gutenberg_text_before_share":"","sfsi_plus_gutenberg_show_text_before_share":"","sfsi_plus_gutenberg_icon_type":"","sfsi_plus_gutenberg_icon_alignemt":"","sfsi_plus_gutenburg_max_per_row":"","footnotes":""},"categories":[12],"tags":[],"class_list":["post-139621","post","type-post","status-publish","format-standard","has-post-thumbnail","hentry","category-policia"],"_links":{"self":[{"href":"https:\/\/www.caririemacao.com\/1\/wp-json\/wp\/v2\/posts\/139621","targetHints":{"allow":["GET"]}}],"collection":[{"href":"https:\/\/www.caririemacao.com\/1\/wp-json\/wp\/v2\/posts"}],"about":[{"href":"https:\/\/www.caririemacao.com\/1\/wp-json\/wp\/v2\/types\/post"}],"author":[{"embeddable":true,"href":"https:\/\/www.caririemacao.com\/1\/wp-json\/wp\/v2\/users\/1"}],"replies":[{"embeddable":true,"href":"https:\/\/www.caririemacao.com\/1\/wp-json\/wp\/v2\/comments?post=139621"}],"version-history":[{"count":1,"href":"https:\/\/www.caririemacao.com\/1\/wp-json\/wp\/v2\/posts\/139621\/revisions"}],"predecessor-version":[{"id":139624,"href":"https:\/\/www.caririemacao.com\/1\/wp-json\/wp\/v2\/posts\/139621\/revisions\/139624"}],"wp:featuredmedia":[{"embeddable":true,"href":"https:\/\/www.caririemacao.com\/1\/wp-json\/wp\/v2\/media\/139623"}],"wp:attachment":[{"href":"https:\/\/www.caririemacao.com\/1\/wp-json\/wp\/v2\/media?parent=139621"}],"wp:term":[{"taxonomy":"category","embeddable":true,"href":"https:\/\/www.caririemacao.com\/1\/wp-json\/wp\/v2\/categories?post=139621"},{"taxonomy":"post_tag","embeddable":true,"href":"https:\/\/www.caririemacao.com\/1\/wp-json\/wp\/v2\/tags?post=139621"}],"curies":[{"name":"wp","href":"https:\/\/api.w.org\/{rel}","templated":true}]}}