{"id":139627,"date":"2019-12-06T07:31:46","date_gmt":"2019-12-06T10:31:46","guid":{"rendered":"http:\/\/www.caririemacao.com\/1\/?p=139627"},"modified":"2019-12-06T07:31:46","modified_gmt":"2019-12-06T10:31:46","slug":"prefeito-da-prata-junior-nobrega-sera-homenageado-com-o-premio-referencia-2019-2","status":"publish","type":"post","link":"https:\/\/www.caririemacao.com\/1\/2019\/12\/06\/prefeito-da-prata-junior-nobrega-sera-homenageado-com-o-premio-referencia-2019-2\/","title":{"rendered":"Prefeito da Prata J\u00fanior N\u00f3brega ser\u00e1 homenageado com o PR\u00caMIO REFER\u00caNCIA 2019"},"content":{"rendered":"\n<p><br> A gest\u00e3o do prefeito de Prata J\u00fanior N\u00f3brega foi reconhecida pelo povo novamente.<br> Desta vez em pesquisa popular realizada pela equipe do portal CARIRI EM A\u00c7\u00c3O e que resultar\u00e1 na entrega do PR\u00caMIO REFER\u00caNCIA 2019, em concorrida cerim\u00f4nia que vai acontecer no pr\u00f3ximo s\u00e1bado, dia 07, na cidade de Monteiro.<br> O prefeito J\u00fanior teve sua gest\u00e3o reconhecida com altos \u00edndices de aprova\u00e7\u00e3o, sendo 70 % de opini\u00f5es positivas e conta com o reconhecimento espont\u00e2neo da popula\u00e7\u00e3o pratense.<br> Al\u00e9m disso, o gestor tamb\u00e9m foi eleito como CIDAD\u00c3O REFER\u00caNCIA em 2019 no munic\u00edpio da Prata. <br> A cerim\u00f4nia de entrega do PR\u00caMIO REFER\u00caNCIA, acontece neste s\u00e1bado, 07, a partir das 20 horas no Centro Cultural de Monteiro, antigo Clube Municipal. O evento de premia\u00e7\u00e3o contar\u00e1 com uma grandiosa estrutura, e ter\u00e1 a transmiss\u00e3o ao vivo atrav\u00e9s dos canais e redes do portal CARIRI EM A\u00c7\u00c3O (www.caririemacao.com).<\/p>\n","protected":false},"excerpt":{"rendered":"<p>A gest\u00e3o do prefeito de Prata J\u00fanior N\u00f3brega foi reconhecida pelo povo novamente. Desta vez em pesquisa popular realizada pela equipe do portal CARIRI EM&hellip; <\/p>\n","protected":false},"author":1,"featured_media":139628,"comment_status":"closed","ping_status":"closed","sticky":false,"template":"","format":"standard","meta":{"sfsi_plus_gutenberg_text_before_share":"","sfsi_plus_gutenberg_show_text_before_share":"","sfsi_plus_gutenberg_icon_type":"","sfsi_plus_gutenberg_icon_alignemt":"","sfsi_plus_gutenburg_max_per_row":"","footnotes":""},"categories":[50,2],"tags":[],"class_list":["post-139627","post","type-post","status-publish","format-standard","has-post-thumbnail","hentry","category-destaque","category-geral"],"_links":{"self":[{"href":"https:\/\/www.caririemacao.com\/1\/wp-json\/wp\/v2\/posts\/139627","targetHints":{"allow":["GET"]}}],"collection":[{"href":"https:\/\/www.caririemacao.com\/1\/wp-json\/wp\/v2\/posts"}],"about":[{"href":"https:\/\/www.caririemacao.com\/1\/wp-json\/wp\/v2\/types\/post"}],"author":[{"embeddable":true,"href":"https:\/\/www.caririemacao.com\/1\/wp-json\/wp\/v2\/users\/1"}],"replies":[{"embeddable":true,"href":"https:\/\/www.caririemacao.com\/1\/wp-json\/wp\/v2\/comments?post=139627"}],"version-history":[{"count":1,"href":"https:\/\/www.caririemacao.com\/1\/wp-json\/wp\/v2\/posts\/139627\/revisions"}],"predecessor-version":[{"id":139629,"href":"https:\/\/www.caririemacao.com\/1\/wp-json\/wp\/v2\/posts\/139627\/revisions\/139629"}],"wp:featuredmedia":[{"embeddable":true,"href":"https:\/\/www.caririemacao.com\/1\/wp-json\/wp\/v2\/media\/139628"}],"wp:attachment":[{"href":"https:\/\/www.caririemacao.com\/1\/wp-json\/wp\/v2\/media?parent=139627"}],"wp:term":[{"taxonomy":"category","embeddable":true,"href":"https:\/\/www.caririemacao.com\/1\/wp-json\/wp\/v2\/categories?post=139627"},{"taxonomy":"post_tag","embeddable":true,"href":"https:\/\/www.caririemacao.com\/1\/wp-json\/wp\/v2\/tags?post=139627"}],"curies":[{"name":"wp","href":"https:\/\/api.w.org\/{rel}","templated":true}]}}