{"id":139632,"date":"2019-12-06T07:34:37","date_gmt":"2019-12-06T10:34:37","guid":{"rendered":"http:\/\/www.caririemacao.com\/1\/?p=139632"},"modified":"2019-12-06T07:34:37","modified_gmt":"2019-12-06T10:34:37","slug":"prefeita-natalia-lira-de-ouro-velho-sera-homenageada-com-o-premio-referencia-2019","status":"publish","type":"post","link":"https:\/\/www.caririemacao.com\/1\/2019\/12\/06\/prefeita-natalia-lira-de-ouro-velho-sera-homenageada-com-o-premio-referencia-2019\/","title":{"rendered":"Prefeita Nat\u00e1lia Lira de Ouro Velho ser\u00e1 homenageada com o PR\u00caMIO REFER\u00caNCIA 2019"},"content":{"rendered":"\n<p><br> A gest\u00e3o da Prefeita Nat\u00e1lia Lira de Ouro Velho foi reconhecida pelo povo novamente pela sua atua\u00e7\u00e3o.<br> Desta vez em pesquisa popular realizada pela equipe do portal CARIRI EM A\u00c7\u00c3O e que resultar\u00e1 na entrega do PR\u00caMIO REFER\u00caNCIA 2019, em concorrida cerim\u00f4nia que vai acontecer no pr\u00f3ximo s\u00e1bado, dia 07, na cidade de Monteiro.<br> A Prefeita Nat\u00e1lia Lira teve sua gest\u00e3o reconhecida com o impressionante \u00edndice de aprova\u00e7\u00e3o, de 94% de opini\u00f5es positivas. <br> O evento de premia\u00e7\u00e3o contar\u00e1 com uma grandiosa estrutura, e ter\u00e1 a transmiss\u00e3o ao vivo atrav\u00e9s dos canais e redes do portal CARIRI EM A\u00c7\u00c3O (www.caririemacao.com).<\/p>\n","protected":false},"excerpt":{"rendered":"<p>A gest\u00e3o da Prefeita Nat\u00e1lia Lira de Ouro Velho foi reconhecida pelo povo novamente pela sua atua\u00e7\u00e3o. Desta vez em pesquisa popular realizada pela equipe&hellip; <\/p>\n","protected":false},"author":1,"featured_media":43402,"comment_status":"closed","ping_status":"closed","sticky":false,"template":"","format":"standard","meta":{"sfsi_plus_gutenberg_text_before_share":"","sfsi_plus_gutenberg_show_text_before_share":"","sfsi_plus_gutenberg_icon_type":"","sfsi_plus_gutenberg_icon_alignemt":"","sfsi_plus_gutenburg_max_per_row":"","footnotes":""},"categories":[50,2],"tags":[],"class_list":["post-139632","post","type-post","status-publish","format-standard","has-post-thumbnail","hentry","category-destaque","category-geral"],"_links":{"self":[{"href":"https:\/\/www.caririemacao.com\/1\/wp-json\/wp\/v2\/posts\/139632","targetHints":{"allow":["GET"]}}],"collection":[{"href":"https:\/\/www.caririemacao.com\/1\/wp-json\/wp\/v2\/posts"}],"about":[{"href":"https:\/\/www.caririemacao.com\/1\/wp-json\/wp\/v2\/types\/post"}],"author":[{"embeddable":true,"href":"https:\/\/www.caririemacao.com\/1\/wp-json\/wp\/v2\/users\/1"}],"replies":[{"embeddable":true,"href":"https:\/\/www.caririemacao.com\/1\/wp-json\/wp\/v2\/comments?post=139632"}],"version-history":[{"count":1,"href":"https:\/\/www.caririemacao.com\/1\/wp-json\/wp\/v2\/posts\/139632\/revisions"}],"predecessor-version":[{"id":139633,"href":"https:\/\/www.caririemacao.com\/1\/wp-json\/wp\/v2\/posts\/139632\/revisions\/139633"}],"wp:featuredmedia":[{"embeddable":true,"href":"https:\/\/www.caririemacao.com\/1\/wp-json\/wp\/v2\/media\/43402"}],"wp:attachment":[{"href":"https:\/\/www.caririemacao.com\/1\/wp-json\/wp\/v2\/media?parent=139632"}],"wp:term":[{"taxonomy":"category","embeddable":true,"href":"https:\/\/www.caririemacao.com\/1\/wp-json\/wp\/v2\/categories?post=139632"},{"taxonomy":"post_tag","embeddable":true,"href":"https:\/\/www.caririemacao.com\/1\/wp-json\/wp\/v2\/tags?post=139632"}],"curies":[{"name":"wp","href":"https:\/\/api.w.org\/{rel}","templated":true}]}}