{"id":139649,"date":"2019-12-06T07:47:48","date_gmt":"2019-12-06T10:47:48","guid":{"rendered":"http:\/\/www.caririemacao.com\/1\/?p=139649"},"modified":"2019-12-06T07:47:48","modified_gmt":"2019-12-06T10:47:48","slug":"prefeito-helder-trajano-sera-homenageado-com-o-premio-referencia-2019","status":"publish","type":"post","link":"https:\/\/www.caririemacao.com\/1\/2019\/12\/06\/prefeito-helder-trajano-sera-homenageado-com-o-premio-referencia-2019\/","title":{"rendered":"Prefeito Helder Trajano ser\u00e1 homenageado com o PR\u00caMIO REFER\u00caNCIA 2019"},"content":{"rendered":"\n<p><br> A atua\u00e7\u00e3o administrativa do prefeito H\u00e9lder Trajano em S\u00e3o Jo\u00e3o do Cariri come\u00e7a a ser reconhecida e a gerar bons frutos. <br> Desta vez o reconhecimento veio atrav\u00e9s de pesquisa popular realizada pela equipe do portal CARIRI EM A\u00c7\u00c3O e que culminar\u00e1 na entrega do PR\u00caMIO REFER\u00caNCIA 2019, em concorrida cerim\u00f4nia que vai acontecer no pr\u00f3ximo s\u00e1bado, dia 07, na cidade de Monteiro.<br> O prefeito H\u00e9lder teve sua gest\u00e3o aprovada pela popula\u00e7\u00e3o saojoaense, com 77% de opini\u00f5es positivas o que reafirma a aceita\u00e7\u00e3o em rela\u00e7\u00e3o ao desempenho da sua gest\u00e3o.<br> O evento de premia\u00e7\u00e3o contar\u00e1 com uma grandiosa estrutura, e ter\u00e1 a transmiss\u00e3o ao vivo atrav\u00e9s dos canais e redes do portal CARIRI EM A\u00c7\u00c3O (www.caririemacao.com).<\/p>\n","protected":false},"excerpt":{"rendered":"<p>A atua\u00e7\u00e3o administrativa do prefeito H\u00e9lder Trajano em S\u00e3o Jo\u00e3o do Cariri come\u00e7a a ser reconhecida e a gerar bons frutos. Desta vez o reconhecimento&hellip; <\/p>\n","protected":false},"author":1,"featured_media":139650,"comment_status":"closed","ping_status":"closed","sticky":false,"template":"","format":"standard","meta":{"sfsi_plus_gutenberg_text_before_share":"","sfsi_plus_gutenberg_show_text_before_share":"","sfsi_plus_gutenberg_icon_type":"","sfsi_plus_gutenberg_icon_alignemt":"","sfsi_plus_gutenburg_max_per_row":"","footnotes":""},"categories":[50,2],"tags":[],"class_list":["post-139649","post","type-post","status-publish","format-standard","has-post-thumbnail","hentry","category-destaque","category-geral"],"_links":{"self":[{"href":"https:\/\/www.caririemacao.com\/1\/wp-json\/wp\/v2\/posts\/139649","targetHints":{"allow":["GET"]}}],"collection":[{"href":"https:\/\/www.caririemacao.com\/1\/wp-json\/wp\/v2\/posts"}],"about":[{"href":"https:\/\/www.caririemacao.com\/1\/wp-json\/wp\/v2\/types\/post"}],"author":[{"embeddable":true,"href":"https:\/\/www.caririemacao.com\/1\/wp-json\/wp\/v2\/users\/1"}],"replies":[{"embeddable":true,"href":"https:\/\/www.caririemacao.com\/1\/wp-json\/wp\/v2\/comments?post=139649"}],"version-history":[{"count":1,"href":"https:\/\/www.caririemacao.com\/1\/wp-json\/wp\/v2\/posts\/139649\/revisions"}],"predecessor-version":[{"id":139651,"href":"https:\/\/www.caririemacao.com\/1\/wp-json\/wp\/v2\/posts\/139649\/revisions\/139651"}],"wp:featuredmedia":[{"embeddable":true,"href":"https:\/\/www.caririemacao.com\/1\/wp-json\/wp\/v2\/media\/139650"}],"wp:attachment":[{"href":"https:\/\/www.caririemacao.com\/1\/wp-json\/wp\/v2\/media?parent=139649"}],"wp:term":[{"taxonomy":"category","embeddable":true,"href":"https:\/\/www.caririemacao.com\/1\/wp-json\/wp\/v2\/categories?post=139649"},{"taxonomy":"post_tag","embeddable":true,"href":"https:\/\/www.caririemacao.com\/1\/wp-json\/wp\/v2\/tags?post=139649"}],"curies":[{"name":"wp","href":"https:\/\/api.w.org\/{rel}","templated":true}]}}