{"id":139664,"date":"2019-12-06T07:56:31","date_gmt":"2019-12-06T10:56:31","guid":{"rendered":"http:\/\/www.caririemacao.com\/1\/?p=139664"},"modified":"2019-12-06T07:56:31","modified_gmt":"2019-12-06T10:56:31","slug":"prefeita-de-monteiro-anna-lorena-sera-homenageada-com-o-premio-referencia-2019-2","status":"publish","type":"post","link":"https:\/\/www.caririemacao.com\/1\/2019\/12\/06\/prefeita-de-monteiro-anna-lorena-sera-homenageada-com-o-premio-referencia-2019-2\/","title":{"rendered":"Prefeita de Monteiro Anna Lorena ser\u00e1 homenageada com o PR\u00caMIO REFER\u00caNCIA 2019"},"content":{"rendered":"\n<p><br> A gest\u00e3o da prefeita de Monteiro Anna Lorena foi reconhecida pelo povo mais uma vez. <br> Desta vez em pesquisa popular realizada pela equipe do portal CARIRI EM A\u00c7\u00c3O e culminar\u00e1 na entrega do PR\u00caMIO REFER\u00caNCIA 2019, em concorrida cerim\u00f4nia que vai acontecer no pr\u00f3ximo s\u00e1bado, dia 07, na cidade de Monteiro.<br> A prefeita Anna Lorena teve sua gest\u00e3o apontada com altos \u00edndices de aprova\u00e7\u00e3o, sendo 79 % de opini\u00f5es positivas  e conta com o reconhecimento espont\u00e2neo da popula\u00e7\u00e3o monteirense.<\/p>\n","protected":false},"excerpt":{"rendered":"<p>A gest\u00e3o da prefeita de Monteiro Anna Lorena foi reconhecida pelo povo mais uma vez. Desta vez em pesquisa popular realizada pela equipe do portal&hellip; <\/p>\n","protected":false},"author":1,"featured_media":139665,"comment_status":"closed","ping_status":"closed","sticky":false,"template":"","format":"standard","meta":{"sfsi_plus_gutenberg_text_before_share":"","sfsi_plus_gutenberg_show_text_before_share":"","sfsi_plus_gutenberg_icon_type":"","sfsi_plus_gutenberg_icon_alignemt":"","sfsi_plus_gutenburg_max_per_row":"","footnotes":""},"categories":[50,2],"tags":[],"class_list":["post-139664","post","type-post","status-publish","format-standard","has-post-thumbnail","hentry","category-destaque","category-geral"],"_links":{"self":[{"href":"https:\/\/www.caririemacao.com\/1\/wp-json\/wp\/v2\/posts\/139664","targetHints":{"allow":["GET"]}}],"collection":[{"href":"https:\/\/www.caririemacao.com\/1\/wp-json\/wp\/v2\/posts"}],"about":[{"href":"https:\/\/www.caririemacao.com\/1\/wp-json\/wp\/v2\/types\/post"}],"author":[{"embeddable":true,"href":"https:\/\/www.caririemacao.com\/1\/wp-json\/wp\/v2\/users\/1"}],"replies":[{"embeddable":true,"href":"https:\/\/www.caririemacao.com\/1\/wp-json\/wp\/v2\/comments?post=139664"}],"version-history":[{"count":1,"href":"https:\/\/www.caririemacao.com\/1\/wp-json\/wp\/v2\/posts\/139664\/revisions"}],"predecessor-version":[{"id":139666,"href":"https:\/\/www.caririemacao.com\/1\/wp-json\/wp\/v2\/posts\/139664\/revisions\/139666"}],"wp:featuredmedia":[{"embeddable":true,"href":"https:\/\/www.caririemacao.com\/1\/wp-json\/wp\/v2\/media\/139665"}],"wp:attachment":[{"href":"https:\/\/www.caririemacao.com\/1\/wp-json\/wp\/v2\/media?parent=139664"}],"wp:term":[{"taxonomy":"category","embeddable":true,"href":"https:\/\/www.caririemacao.com\/1\/wp-json\/wp\/v2\/categories?post=139664"},{"taxonomy":"post_tag","embeddable":true,"href":"https:\/\/www.caririemacao.com\/1\/wp-json\/wp\/v2\/tags?post=139664"}],"curies":[{"name":"wp","href":"https:\/\/api.w.org\/{rel}","templated":true}]}}