{"id":139668,"date":"2019-12-06T07:58:27","date_gmt":"2019-12-06T10:58:27","guid":{"rendered":"http:\/\/www.caririemacao.com\/1\/?p=139668"},"modified":"2019-12-06T07:58:27","modified_gmt":"2019-12-06T10:58:27","slug":"prefeito-de-camalau-sandro-moco-sera-homenageado-com-o-premio-referencia-2019-2","status":"publish","type":"post","link":"https:\/\/www.caririemacao.com\/1\/2019\/12\/06\/prefeito-de-camalau-sandro-moco-sera-homenageado-com-o-premio-referencia-2019-2\/","title":{"rendered":"Prefeito de Camala\u00fa Sandro M\u00f4co ser\u00e1 homenageado com o PR\u00caMIO REFER\u00caNCIA 2019"},"content":{"rendered":"\n<p><br> A gest\u00e3o do prefeito Sandro M\u00f4co em Camala\u00fa foi destaque mais uma vez. <br> Desta vez em pesquisa popular realizada pela equipe do portal CARIRI EM A\u00c7\u00c3O e culminar\u00e1 na entrega do PR\u00caMIO REFER\u00caNCIA 2019, em concorrida cerim\u00f4nia que vai acontecer no pr\u00f3ximo s\u00e1bado, dia 07, na cidade de Monteiro.<br> O prefeito Sandro teve sua gest\u00e3o apontada com altos \u00edndices de aprova\u00e7\u00e3o, na casa dos 80% de opini\u00f5es positivas  e conta com o reconhecimento indiscut\u00edvel da popula\u00e7\u00e3o camalauense.<\/p>\n","protected":false},"excerpt":{"rendered":"<p>A gest\u00e3o do prefeito Sandro M\u00f4co em Camala\u00fa foi destaque mais uma vez. Desta vez em pesquisa popular realizada pela equipe do portal CARIRI EM&hellip; <\/p>\n","protected":false},"author":1,"featured_media":61167,"comment_status":"closed","ping_status":"closed","sticky":false,"template":"","format":"standard","meta":{"sfsi_plus_gutenberg_text_before_share":"","sfsi_plus_gutenberg_show_text_before_share":"","sfsi_plus_gutenberg_icon_type":"","sfsi_plus_gutenberg_icon_alignemt":"","sfsi_plus_gutenburg_max_per_row":"","footnotes":""},"categories":[50,2],"tags":[],"class_list":["post-139668","post","type-post","status-publish","format-standard","has-post-thumbnail","hentry","category-destaque","category-geral"],"_links":{"self":[{"href":"https:\/\/www.caririemacao.com\/1\/wp-json\/wp\/v2\/posts\/139668","targetHints":{"allow":["GET"]}}],"collection":[{"href":"https:\/\/www.caririemacao.com\/1\/wp-json\/wp\/v2\/posts"}],"about":[{"href":"https:\/\/www.caririemacao.com\/1\/wp-json\/wp\/v2\/types\/post"}],"author":[{"embeddable":true,"href":"https:\/\/www.caririemacao.com\/1\/wp-json\/wp\/v2\/users\/1"}],"replies":[{"embeddable":true,"href":"https:\/\/www.caririemacao.com\/1\/wp-json\/wp\/v2\/comments?post=139668"}],"version-history":[{"count":1,"href":"https:\/\/www.caririemacao.com\/1\/wp-json\/wp\/v2\/posts\/139668\/revisions"}],"predecessor-version":[{"id":139669,"href":"https:\/\/www.caririemacao.com\/1\/wp-json\/wp\/v2\/posts\/139668\/revisions\/139669"}],"wp:featuredmedia":[{"embeddable":true,"href":"https:\/\/www.caririemacao.com\/1\/wp-json\/wp\/v2\/media\/61167"}],"wp:attachment":[{"href":"https:\/\/www.caririemacao.com\/1\/wp-json\/wp\/v2\/media?parent=139668"}],"wp:term":[{"taxonomy":"category","embeddable":true,"href":"https:\/\/www.caririemacao.com\/1\/wp-json\/wp\/v2\/categories?post=139668"},{"taxonomy":"post_tag","embeddable":true,"href":"https:\/\/www.caririemacao.com\/1\/wp-json\/wp\/v2\/tags?post=139668"}],"curies":[{"name":"wp","href":"https:\/\/api.w.org\/{rel}","templated":true}]}}