{"id":139672,"date":"2019-12-06T08:00:24","date_gmt":"2019-12-06T11:00:24","guid":{"rendered":"http:\/\/www.caririemacao.com\/1\/?p=139672"},"modified":"2019-12-06T08:00:24","modified_gmt":"2019-12-06T11:00:24","slug":"prefeito-de-ss-do-umbuzeiro-adriano-wolff-sera-homenageado-com-o-premio-referencia-2019-2","status":"publish","type":"post","link":"https:\/\/www.caririemacao.com\/1\/2019\/12\/06\/prefeito-de-ss-do-umbuzeiro-adriano-wolff-sera-homenageado-com-o-premio-referencia-2019-2\/","title":{"rendered":"Prefeito de SS do Umbuzeiro Adriano Wolff ser\u00e1 homenageado com o PR\u00caMIO REFER\u00caNCIA 2019"},"content":{"rendered":"\n<p><br> A gest\u00e3o do prefeito Adriano Wolff foi reconhecida mais uma vez. Desta vez em pesquisa popular realizada pela equipe do portal CARIRI EM A\u00c7\u00c3O e culminar\u00e1 na entrega do PR\u00caMIO REFER\u00caNCIA 2019, em concorrida cerim\u00f4nia que vai acontecer no pr\u00f3ximo s\u00e1bado, dia 07, na cidade de Monteiro.<br> O prefeito Adriano teve sua gest\u00e3o apontada com altos \u00edndices de aprova\u00e7\u00e3o, na casa dos 84% e conta com o reconhecimento expressivo da popula\u00e7\u00e3o saosebastianense.<\/p>\n","protected":false},"excerpt":{"rendered":"<p>A gest\u00e3o do prefeito Adriano Wolff foi reconhecida mais uma vez. Desta vez em pesquisa popular realizada pela equipe do portal CARIRI EM A\u00c7\u00c3O e&hellip; <\/p>\n","protected":false},"author":1,"featured_media":35650,"comment_status":"closed","ping_status":"closed","sticky":false,"template":"","format":"standard","meta":{"sfsi_plus_gutenberg_text_before_share":"","sfsi_plus_gutenberg_show_text_before_share":"","sfsi_plus_gutenberg_icon_type":"","sfsi_plus_gutenberg_icon_alignemt":"","sfsi_plus_gutenburg_max_per_row":"","footnotes":""},"categories":[50,2],"tags":[],"class_list":["post-139672","post","type-post","status-publish","format-standard","has-post-thumbnail","hentry","category-destaque","category-geral"],"_links":{"self":[{"href":"https:\/\/www.caririemacao.com\/1\/wp-json\/wp\/v2\/posts\/139672","targetHints":{"allow":["GET"]}}],"collection":[{"href":"https:\/\/www.caririemacao.com\/1\/wp-json\/wp\/v2\/posts"}],"about":[{"href":"https:\/\/www.caririemacao.com\/1\/wp-json\/wp\/v2\/types\/post"}],"author":[{"embeddable":true,"href":"https:\/\/www.caririemacao.com\/1\/wp-json\/wp\/v2\/users\/1"}],"replies":[{"embeddable":true,"href":"https:\/\/www.caririemacao.com\/1\/wp-json\/wp\/v2\/comments?post=139672"}],"version-history":[{"count":1,"href":"https:\/\/www.caririemacao.com\/1\/wp-json\/wp\/v2\/posts\/139672\/revisions"}],"predecessor-version":[{"id":139673,"href":"https:\/\/www.caririemacao.com\/1\/wp-json\/wp\/v2\/posts\/139672\/revisions\/139673"}],"wp:featuredmedia":[{"embeddable":true,"href":"https:\/\/www.caririemacao.com\/1\/wp-json\/wp\/v2\/media\/35650"}],"wp:attachment":[{"href":"https:\/\/www.caririemacao.com\/1\/wp-json\/wp\/v2\/media?parent=139672"}],"wp:term":[{"taxonomy":"category","embeddable":true,"href":"https:\/\/www.caririemacao.com\/1\/wp-json\/wp\/v2\/categories?post=139672"},{"taxonomy":"post_tag","embeddable":true,"href":"https:\/\/www.caririemacao.com\/1\/wp-json\/wp\/v2\/tags?post=139672"}],"curies":[{"name":"wp","href":"https:\/\/api.w.org\/{rel}","templated":true}]}}