{"id":139674,"date":"2019-12-06T08:03:15","date_gmt":"2019-12-06T11:03:15","guid":{"rendered":"http:\/\/www.caririemacao.com\/1\/?p=139674"},"modified":"2019-12-06T08:51:21","modified_gmt":"2019-12-06T11:51:21","slug":"premiando-as-principais-empresas-e-marcas-de-todos-os-segmentos-em-mais-de-20-cidades-premio-referencia","status":"publish","type":"post","link":"https:\/\/www.caririemacao.com\/1\/2019\/12\/06\/premiando-as-principais-empresas-e-marcas-de-todos-os-segmentos-em-mais-de-20-cidades-premio-referencia\/","title":{"rendered":"Premiando as principais empresas e marcas de todos os segmentos em mais de 20 cidades, PR\u00caMIO REFER\u00caNCIA"},"content":{"rendered":"\n<p> Caminha para se consolidar como a maior premia\u00e7\u00e3o da Para\u00edba<br> Quando uma empresa ou uma marca \u00e9 lembrada como refer\u00eancia pelo pr\u00f3prio p\u00fablico, consumidores ou clientes, \u00e9 sinal de que sua qualidade \u00e9 acima da m\u00e9dia.<\/p>\n\n\n\n<p>E estas empresas, e marcas dentro de diversos segmentos ter\u00e3o o seu reconhecimento no pr\u00f3ximo S\u00e1bado, em um mega evento que marcar\u00e1 a edi\u00e7\u00e3o 2019 do PR\u00caMIO REFER\u00caNCIA.<\/p>\n\n\n\n<p>Este evento \u00e9 promovido pelo portal CARIRI EM A\u00c7\u00c3O e conta com toda credibilidade poss\u00edvel, pois como evidenciado, as escolhas foram feitas pelo pr\u00f3prio p\u00fablico atrav\u00e9s de pesquisas realizadas in loco em todas as cidades nas quais as equipes do site estiveram, demonstrando que os escolhidos s\u00e3o verdadeiras refer\u00eancias em seus segmentos.<\/p>\n\n\n\n<p>Com mais de 20 cidades entre o Cariri e tamb\u00e9m regi\u00e3o circunvizinha do interior de Pernambuco, o PR\u00caMIO REFER\u00caNCIA caminha para se consolidar como a maior premia\u00e7\u00e3o do estado da Para\u00edba.<\/p>\n\n\n\n<p>Todo o processo \u00e9 feito por uma equipe altamente capacitada, o que culmina em uma concorrida cerim\u00f4nia de entrega de premia\u00e7\u00f5es que este ano vai acontecer no pr\u00f3ximo S\u00e1bado, 07, \u00e0 partir das 20 horas no Centro Cultural de Monteiro, antigo Clube Municipal.<\/p>\n\n\n\n<p>O evento de premia\u00e7\u00e3o contar\u00e1 com uma grandiosa estrutura, e ter\u00e1 a transmiss\u00e3o ao vivo atrav\u00e9s dos canais e redes do portal CARIRI EM A\u00c7\u00c3O (www.caririemacao.com).<\/p>\n","protected":false},"excerpt":{"rendered":"<p>Caminha para se consolidar como a maior premia\u00e7\u00e3o da Para\u00edba Quando uma empresa ou uma marca \u00e9 lembrada como refer\u00eancia pelo pr\u00f3prio p\u00fablico, consumidores ou&hellip; <\/p>\n","protected":false},"author":1,"featured_media":139694,"comment_status":"closed","ping_status":"closed","sticky":false,"template":"","format":"standard","meta":{"sfsi_plus_gutenberg_text_before_share":"","sfsi_plus_gutenberg_show_text_before_share":"","sfsi_plus_gutenberg_icon_type":"","sfsi_plus_gutenberg_icon_alignemt":"","sfsi_plus_gutenburg_max_per_row":"","footnotes":""},"categories":[2,66],"tags":[],"class_list":["post-139674","post","type-post","status-publish","format-standard","has-post-thumbnail","hentry","category-geral","category-premio-referencia-2019"],"_links":{"self":[{"href":"https:\/\/www.caririemacao.com\/1\/wp-json\/wp\/v2\/posts\/139674","targetHints":{"allow":["GET"]}}],"collection":[{"href":"https:\/\/www.caririemacao.com\/1\/wp-json\/wp\/v2\/posts"}],"about":[{"href":"https:\/\/www.caririemacao.com\/1\/wp-json\/wp\/v2\/types\/post"}],"author":[{"embeddable":true,"href":"https:\/\/www.caririemacao.com\/1\/wp-json\/wp\/v2\/users\/1"}],"replies":[{"embeddable":true,"href":"https:\/\/www.caririemacao.com\/1\/wp-json\/wp\/v2\/comments?post=139674"}],"version-history":[{"count":2,"href":"https:\/\/www.caririemacao.com\/1\/wp-json\/wp\/v2\/posts\/139674\/revisions"}],"predecessor-version":[{"id":139695,"href":"https:\/\/www.caririemacao.com\/1\/wp-json\/wp\/v2\/posts\/139674\/revisions\/139695"}],"wp:featuredmedia":[{"embeddable":true,"href":"https:\/\/www.caririemacao.com\/1\/wp-json\/wp\/v2\/media\/139694"}],"wp:attachment":[{"href":"https:\/\/www.caririemacao.com\/1\/wp-json\/wp\/v2\/media?parent=139674"}],"wp:term":[{"taxonomy":"category","embeddable":true,"href":"https:\/\/www.caririemacao.com\/1\/wp-json\/wp\/v2\/categories?post=139674"},{"taxonomy":"post_tag","embeddable":true,"href":"https:\/\/www.caririemacao.com\/1\/wp-json\/wp\/v2\/tags?post=139674"}],"curies":[{"name":"wp","href":"https:\/\/api.w.org\/{rel}","templated":true}]}}