{"id":139677,"date":"2019-12-06T08:07:33","date_gmt":"2019-12-06T11:07:33","guid":{"rendered":"http:\/\/www.caririemacao.com\/1\/?p=139677"},"modified":"2019-12-06T08:07:33","modified_gmt":"2019-12-06T11:07:33","slug":"profissionais-de-mais-de-20-cidades-terao-seu-destaque-reconhecido-em-varios-segmentos-na-entrega-do-premio-referencia-2019","status":"publish","type":"post","link":"https:\/\/www.caririemacao.com\/1\/2019\/12\/06\/profissionais-de-mais-de-20-cidades-terao-seu-destaque-reconhecido-em-varios-segmentos-na-entrega-do-premio-referencia-2019\/","title":{"rendered":"Profissionais de mais de 20 cidades ter\u00e3o seu destaque reconhecido em v\u00e1rios segmentos na entrega do PR\u00caMIO REFER\u00caNCIA 2019"},"content":{"rendered":"\n<p><br> Para um bom profissional, seja em qual for a \u00e1rea de atua\u00e7\u00e3o, o reconhecimento da qualidade do seu trabalho \u00e9 t\u00e3o importante quanto a sua renda.<br> E quando voc\u00ea \u00e9 reconhecido como profissional refer\u00eancia em sua profiss\u00e3o, n\u00e3o h\u00e1 pr\u00eamio que consiga medir a satisfa\u00e7\u00e3o fruto de um bom servi\u00e7o prestado.<br> Com essa premissa, nasceu o PR\u00caMIO REFER\u00caNCIA, que em sua edi\u00e7\u00e3o 2019, mais uma vez cumpre o papel de reconhecer e premiar o valor destes profissionais, em um evento extremamente concorrido e que vai acontecer no pr\u00f3ximo S\u00e1bado, dia 07, na cidade de Monteiro.<br> Organizado pelo portal CARIRI EM A\u00c7\u00c3O, o PR\u00caMIO REFER\u00caNCIA se consolida cada vez mais e caminha para se tornar a maior premia\u00e7\u00e3o do estado.<br> Neste s\u00e1bado, profissionais de diversos segmentos de mais de 20 cidades do Cariri e tamb\u00e9m da regi\u00e3o circunvizinha do estado de Pernambuco ser\u00e3o premiados de forma justa e democr\u00e1tica, afinal o resultado final veio da realiza\u00e7\u00e3o de pesquisas inloco em todas as cidades e em todas as categorias.<br> A cerim\u00f4nia de entrega do PR\u00caMIO REFER\u00caNCIA acontece neste s\u00e1bado, 07, a partir das 20 horas no Centro Cultural de Monteiro, antigo Clube Municipal.<br> O evento de premia\u00e7\u00e3o contar\u00e1 com uma grandiosa estrutura, e ter\u00e1 a transmiss\u00e3o ao vivo atrav\u00e9s dos canais e redes do portal CARIRI EM A\u00c7\u00c3O (www.caririemacao.com).<\/p>\n","protected":false},"excerpt":{"rendered":"<p>Para um bom profissional, seja em qual for a \u00e1rea de atua\u00e7\u00e3o, o reconhecimento da qualidade do seu trabalho \u00e9 t\u00e3o importante quanto a sua&hellip; <\/p>\n","protected":false},"author":1,"featured_media":139678,"comment_status":"closed","ping_status":"closed","sticky":false,"template":"","format":"standard","meta":{"sfsi_plus_gutenberg_text_before_share":"","sfsi_plus_gutenberg_show_text_before_share":"","sfsi_plus_gutenberg_icon_type":"","sfsi_plus_gutenberg_icon_alignemt":"","sfsi_plus_gutenburg_max_per_row":"","footnotes":""},"categories":[2,66],"tags":[],"class_list":["post-139677","post","type-post","status-publish","format-standard","has-post-thumbnail","hentry","category-geral","category-premio-referencia-2019"],"_links":{"self":[{"href":"https:\/\/www.caririemacao.com\/1\/wp-json\/wp\/v2\/posts\/139677","targetHints":{"allow":["GET"]}}],"collection":[{"href":"https:\/\/www.caririemacao.com\/1\/wp-json\/wp\/v2\/posts"}],"about":[{"href":"https:\/\/www.caririemacao.com\/1\/wp-json\/wp\/v2\/types\/post"}],"author":[{"embeddable":true,"href":"https:\/\/www.caririemacao.com\/1\/wp-json\/wp\/v2\/users\/1"}],"replies":[{"embeddable":true,"href":"https:\/\/www.caririemacao.com\/1\/wp-json\/wp\/v2\/comments?post=139677"}],"version-history":[{"count":1,"href":"https:\/\/www.caririemacao.com\/1\/wp-json\/wp\/v2\/posts\/139677\/revisions"}],"predecessor-version":[{"id":139679,"href":"https:\/\/www.caririemacao.com\/1\/wp-json\/wp\/v2\/posts\/139677\/revisions\/139679"}],"wp:featuredmedia":[{"embeddable":true,"href":"https:\/\/www.caririemacao.com\/1\/wp-json\/wp\/v2\/media\/139678"}],"wp:attachment":[{"href":"https:\/\/www.caririemacao.com\/1\/wp-json\/wp\/v2\/media?parent=139677"}],"wp:term":[{"taxonomy":"category","embeddable":true,"href":"https:\/\/www.caririemacao.com\/1\/wp-json\/wp\/v2\/categories?post=139677"},{"taxonomy":"post_tag","embeddable":true,"href":"https:\/\/www.caririemacao.com\/1\/wp-json\/wp\/v2\/tags?post=139677"}],"curies":[{"name":"wp","href":"https:\/\/api.w.org\/{rel}","templated":true}]}}