{"id":139683,"date":"2019-12-06T08:10:00","date_gmt":"2019-12-06T11:10:00","guid":{"rendered":"http:\/\/www.caririemacao.com\/1\/?p=139683"},"modified":"2019-12-06T09:17:25","modified_gmt":"2019-12-06T12:17:25","slug":"prefeito-de-sao-joao-do-tigre-sera-homenageado-com-o-premio-referencia-2019-2","status":"publish","type":"post","link":"https:\/\/www.caririemacao.com\/1\/2019\/12\/06\/prefeito-de-sao-joao-do-tigre-sera-homenageado-com-o-premio-referencia-2019-2\/","title":{"rendered":"Prefeito de S\u00e3o Jo\u00e3o do Tigre ser\u00e1 homenageado com o PR\u00caMIO REFER\u00caNCIA 2019"},"content":{"rendered":"\n<p>  A gest\u00e3o do prefeito de S\u00e3o Jo\u00e3o do Tigre C\u00e9lio Barbosa foi premiada novamente.<br> Desta vez em pesquisa popular realizada pela equipe do portal CARIRI EM A\u00c7\u00c3O e que resultar\u00e1 na entrega do PR\u00caMIO REFER\u00caNCIA 2019, em concorrida cerim\u00f4nia que vai acontecer no pr\u00f3ximo s\u00e1bado, dia 07, na cidade de Monteiro.<br> Al\u00e9m da aprova\u00e7\u00e3o \u00e0 sua gest\u00e3o, que chega a casa de 90%, o gestor tamb\u00e9m foi eleito como CIDAD\u00c3O REFER\u00caNCIA em 2019 no munic\u00edpio de S\u00e3o Jo\u00e3o do Tigre.<\/p>\n","protected":false},"excerpt":{"rendered":"<p>A gest\u00e3o do prefeito de S\u00e3o Jo\u00e3o do Tigre C\u00e9lio Barbosa foi premiada novamente. Desta vez em pesquisa popular realizada pela equipe do portal CARIRI&hellip; <\/p>\n","protected":false},"author":1,"featured_media":111518,"comment_status":"closed","ping_status":"closed","sticky":false,"template":"","format":"standard","meta":{"sfsi_plus_gutenberg_text_before_share":"","sfsi_plus_gutenberg_show_text_before_share":"","sfsi_plus_gutenberg_icon_type":"","sfsi_plus_gutenberg_icon_alignemt":"","sfsi_plus_gutenburg_max_per_row":"","footnotes":""},"categories":[50,2],"tags":[],"class_list":["post-139683","post","type-post","status-publish","format-standard","has-post-thumbnail","hentry","category-destaque","category-geral"],"_links":{"self":[{"href":"https:\/\/www.caririemacao.com\/1\/wp-json\/wp\/v2\/posts\/139683","targetHints":{"allow":["GET"]}}],"collection":[{"href":"https:\/\/www.caririemacao.com\/1\/wp-json\/wp\/v2\/posts"}],"about":[{"href":"https:\/\/www.caririemacao.com\/1\/wp-json\/wp\/v2\/types\/post"}],"author":[{"embeddable":true,"href":"https:\/\/www.caririemacao.com\/1\/wp-json\/wp\/v2\/users\/1"}],"replies":[{"embeddable":true,"href":"https:\/\/www.caririemacao.com\/1\/wp-json\/wp\/v2\/comments?post=139683"}],"version-history":[{"count":2,"href":"https:\/\/www.caririemacao.com\/1\/wp-json\/wp\/v2\/posts\/139683\/revisions"}],"predecessor-version":[{"id":139698,"href":"https:\/\/www.caririemacao.com\/1\/wp-json\/wp\/v2\/posts\/139683\/revisions\/139698"}],"wp:featuredmedia":[{"embeddable":true,"href":"https:\/\/www.caririemacao.com\/1\/wp-json\/wp\/v2\/media\/111518"}],"wp:attachment":[{"href":"https:\/\/www.caririemacao.com\/1\/wp-json\/wp\/v2\/media?parent=139683"}],"wp:term":[{"taxonomy":"category","embeddable":true,"href":"https:\/\/www.caririemacao.com\/1\/wp-json\/wp\/v2\/categories?post=139683"},{"taxonomy":"post_tag","embeddable":true,"href":"https:\/\/www.caririemacao.com\/1\/wp-json\/wp\/v2\/tags?post=139683"}],"curies":[{"name":"wp","href":"https:\/\/api.w.org\/{rel}","templated":true}]}}