{"id":139687,"date":"2019-12-06T08:12:30","date_gmt":"2019-12-06T11:12:30","guid":{"rendered":"http:\/\/www.caririemacao.com\/1\/?p=139687"},"modified":"2019-12-06T08:12:30","modified_gmt":"2019-12-06T11:12:30","slug":"nascidos-em-setembro-e-outubro-sem-conta-na-caixa-podem-sacar-fgts-a-partir-de-hoje","status":"publish","type":"post","link":"https:\/\/www.caririemacao.com\/1\/2019\/12\/06\/nascidos-em-setembro-e-outubro-sem-conta-na-caixa-podem-sacar-fgts-a-partir-de-hoje\/","title":{"rendered":"Nascidos em setembro e outubro sem conta na Caixa podem sacar FGTS a partir de hoje"},"content":{"rendered":"\n<p>A Caixa Econ\u00f4mica Federal inicia hoje (6) mais uma etapa de libera\u00e7\u00e3o do saque imediato do Fundo de Garantia do Tempo de Servi\u00e7o (FGTS), que paga at\u00e9 R$ 500 por conta ativa ou inativa. Os trabalhadores nascidos em setembro e outubro sem conta no banco poder\u00e3o retirar o dinheiro.<\/p>\n\n\n\n<p>O saque come\u00e7ou em setembro para quem tem poupan\u00e7a ou conta corrente na Caixa, com cr\u00e9dito autom\u00e1tico.&nbsp;<\/p>\n\n\n\n<p>Segundo a Caixa, no total os saques do FGTS podem resultar em uma libera\u00e7\u00e3o de cerca de R$ 40 bilh\u00f5es na economia at\u00e9 o fim do ano.<\/p>\n\n\n\n<p>Originalmente, o saque imediato iria at\u00e9 mar\u00e7o, mas o banco antecipou o cronograma, e todos os trabalhadores receber\u00e3o o dinheiro este ano.<\/p>\n\n\n\n<p>Atendimento<\/p>\n\n\n\n<p>Os saques de at\u00e9 R$ 500 podem ser feitos nas casas lot\u00e9ricas e terminais de autoatendimento para quem tem senha do cart\u00e3o cidad\u00e3o.<\/p>\n\n\n\n<p>Quem tem cart\u00e3o cidad\u00e3o e senha pode sacar nos correspondentes Caixa Aqui, apresentando documento de identifica\u00e7\u00e3o, ou em qualquer outro canal de atendimento.<\/p>\n\n\n\n<p>No caso dos saques de at\u00e9 R$ 100, a orienta\u00e7\u00e3o da Caixa \u00e9 procurar casas lot\u00e9ricas, com apresenta\u00e7\u00e3o de documento de identifica\u00e7\u00e3o original com foto.<\/p>\n\n\n\n<p>Segundo a Caixa, mais de 20 milh\u00f5es de trabalhadores podem fazer o saque s\u00f3 com o documento de identifica\u00e7\u00e3o nas lot\u00e9ricas.<\/p>\n\n\n\n<p>Quem n\u00e3o tem senha e cart\u00e3o cidad\u00e3o e vai sacar mais de R$ 100, deve procurar uma ag\u00eancia da Caixa.<\/p>\n\n\n\n<p>Embora n\u00e3o seja obrigat\u00f3rio, a Caixa orienta, para facilitar o atendimento, que o trabalhador leve tamb\u00e9m a carteira de trabalho para fazer o saque. Segundo o banco, o documento pode ser necess\u00e1rio para atualizar dados.<\/p>\n\n\n\n<p>As d\u00favidas sobre valores e a data do saque podem ser consultadas no aplicativo do FGTS (dispon\u00edvel para iOS e Android), pelo site da Caixa ou pelo telefone de atendimento exclusivo 0800-724-2019, dispon\u00edvel 24 horas.<\/p>\n\n\n\n<p>A data limite para saque \u00e9 31 de mar\u00e7o de 2020. Caso o saque n\u00e3o seja feito at\u00e9 essa data, os valores retornam para a conta do FGTS do trabalhador.<\/p>\n\n\n\n<p>Hor\u00e1rio especial<\/p>\n\n\n\n<p>Para facilitar o atendimento, a Caixa vai abrir 2.302 ag\u00eancias em hor\u00e1rio estendido hoje e na segunda-feira (9). As ag\u00eancias que abrem \u00e0s 8h ter\u00e3o o encerramento do atendimento duas horas depois do hor\u00e1rio normal de t\u00e9rmino.<\/p>\n\n\n\n<p>As que abrem \u00e0s 9h ter\u00e3o atendimento uma hora antes e uma hora depois. Aquelas que abrem \u00e0s 10h iniciam o atendimento com duas horas de anteced\u00eancia. E as que abrem \u00e0s 11h tamb\u00e9m iniciam o atendimento duas horas antes do hor\u00e1rio normal.<\/p>\n\n\n\n<p>A lista das ag\u00eancias com hor\u00e1rio especial de atendimento pode ser consultada no site da Caixa. Nesses pontos, o trabalhador poder\u00e1 tirar d\u00favidas, fazer ajustes de cadastro dos trabalhadores e emitir senha do Cart\u00e3o Cidad\u00e3o.<\/p>\n\n\n\n<p>A Caixa destaca que o saque imediato n\u00e3o altera o direito de sacar todo o saldo da conta do FGTS, caso o trabalhador seja demitido sem justa causa ou em outras hip\u00f3teses previstas em lei.<\/p>\n\n\n\n<p>Essa modalidade de saque n\u00e3o significa que houve ades\u00e3o ao saque anivers\u00e1rio, que \u00e9 uma nova op\u00e7\u00e3o oferecida ao trabalhador, em alternativa ao saque por rescis\u00e3o do contrato de trabalho.<\/p>\n\n\n\n<p>Por meio do saque anivers\u00e1rio, o trabalhador poder\u00e1 retirar parte do saldo da conta do FGTS, anualmente, de acordo com o m\u00eas de anivers\u00e1rio.<\/p>\n","protected":false},"excerpt":{"rendered":"<p>A Caixa Econ\u00f4mica Federal inicia hoje (6) mais uma etapa de libera\u00e7\u00e3o do saque imediato do Fundo de Garantia do Tempo de Servi\u00e7o (FGTS), que&hellip; <\/p>\n","protected":false},"author":1,"featured_media":106623,"comment_status":"closed","ping_status":"closed","sticky":false,"template":"","format":"standard","meta":{"sfsi_plus_gutenberg_text_before_share":"","sfsi_plus_gutenberg_show_text_before_share":"","sfsi_plus_gutenberg_icon_type":"","sfsi_plus_gutenberg_icon_alignemt":"","sfsi_plus_gutenburg_max_per_row":"","footnotes":""},"categories":[2],"tags":[],"class_list":["post-139687","post","type-post","status-publish","format-standard","has-post-thumbnail","hentry","category-geral"],"_links":{"self":[{"href":"https:\/\/www.caririemacao.com\/1\/wp-json\/wp\/v2\/posts\/139687","targetHints":{"allow":["GET"]}}],"collection":[{"href":"https:\/\/www.caririemacao.com\/1\/wp-json\/wp\/v2\/posts"}],"about":[{"href":"https:\/\/www.caririemacao.com\/1\/wp-json\/wp\/v2\/types\/post"}],"author":[{"embeddable":true,"href":"https:\/\/www.caririemacao.com\/1\/wp-json\/wp\/v2\/users\/1"}],"replies":[{"embeddable":true,"href":"https:\/\/www.caririemacao.com\/1\/wp-json\/wp\/v2\/comments?post=139687"}],"version-history":[{"count":1,"href":"https:\/\/www.caririemacao.com\/1\/wp-json\/wp\/v2\/posts\/139687\/revisions"}],"predecessor-version":[{"id":139688,"href":"https:\/\/www.caririemacao.com\/1\/wp-json\/wp\/v2\/posts\/139687\/revisions\/139688"}],"wp:featuredmedia":[{"embeddable":true,"href":"https:\/\/www.caririemacao.com\/1\/wp-json\/wp\/v2\/media\/106623"}],"wp:attachment":[{"href":"https:\/\/www.caririemacao.com\/1\/wp-json\/wp\/v2\/media?parent=139687"}],"wp:term":[{"taxonomy":"category","embeddable":true,"href":"https:\/\/www.caririemacao.com\/1\/wp-json\/wp\/v2\/categories?post=139687"},{"taxonomy":"post_tag","embeddable":true,"href":"https:\/\/www.caririemacao.com\/1\/wp-json\/wp\/v2\/tags?post=139687"}],"curies":[{"name":"wp","href":"https:\/\/api.w.org\/{rel}","templated":true}]}}