{"id":139710,"date":"2019-12-06T09:29:59","date_gmt":"2019-12-06T12:29:59","guid":{"rendered":"http:\/\/www.caririemacao.com\/1\/?p=139710"},"modified":"2019-12-06T09:29:59","modified_gmt":"2019-12-06T12:29:59","slug":"joao-azevedo-lanca-programa-governo-digital-nesta-sexta-feira","status":"publish","type":"post","link":"https:\/\/www.caririemacao.com\/1\/2019\/12\/06\/joao-azevedo-lanca-programa-governo-digital-nesta-sexta-feira\/","title":{"rendered":"Jo\u00e3o Azev\u00eado lan\u00e7a Programa Governo Digital nesta sexta-feira"},"content":{"rendered":"\n<p>O governador Jo\u00e3o Azev\u00eado lan\u00e7a, nesta sexta-feira (6), o Programa Governo Digital, que tem como principal objetivo facilitar o acesso do cidad\u00e3o a diversos servi\u00e7os oferecidos pelo Estado. O lan\u00e7amento do Governo Digital ser\u00e1 \u00e0s 10h, no Pal\u00e1cio da Reden\u00e7\u00e3o, em Jo\u00e3o Pessoa.<\/p>\n\n\n\n<p>O &#8220;Governo Digital&#8221;, al\u00e9m de facilitar o acesso da popula\u00e7\u00e3o a servi\u00e7os como recebimento de rem\u00e9dios e as ofertas de empregos dispon\u00edveis, vai, ainda, tornar mais r\u00e1pida a concess\u00e3o desses servi\u00e7os.<br>&nbsp;<br>O presidente da Companhia de Dados da Para\u00edba (Codata), Krol J\u00e2nio, destacou que o programa vai proporcionar mais qualidade de vida \u00e0 popula\u00e7\u00e3o paraibana. &#8220;Isso mostra a preocupa\u00e7\u00e3o do governador Jo\u00e3o Azev\u00eado em melhorar a vida dos paraibanos, reduzindo filas e agilizando processos&#8221;, afirmou.<br>&nbsp;<br>&#8220;Podemos mencionar as comunidades de recebimento de rem\u00e9dios do Cedmex, sem o deslocamento das unidades de entrega fisicamente, ou as ofertas de emprego via smartphone, al\u00e9m de mais de cem servi\u00e7os ofertados pela ajudante virtual &#8220;Tia Maria&#8221; de onde quer que se esteja, a qualquer dia da semana, durante 24 horas&#8221;, completou Krol J\u00e2nio.<\/p>\n","protected":false},"excerpt":{"rendered":"<p>O governador Jo\u00e3o Azev\u00eado lan\u00e7a, nesta sexta-feira (6), o Programa Governo Digital, que tem como principal objetivo facilitar o acesso do cidad\u00e3o a diversos servi\u00e7os&hellip; <\/p>\n","protected":false},"author":1,"featured_media":124170,"comment_status":"closed","ping_status":"closed","sticky":false,"template":"","format":"standard","meta":{"sfsi_plus_gutenberg_text_before_share":"","sfsi_plus_gutenberg_show_text_before_share":"","sfsi_plus_gutenberg_icon_type":"","sfsi_plus_gutenberg_icon_alignemt":"","sfsi_plus_gutenburg_max_per_row":"","footnotes":""},"categories":[11],"tags":[],"class_list":["post-139710","post","type-post","status-publish","format-standard","has-post-thumbnail","hentry","category-politica"],"_links":{"self":[{"href":"https:\/\/www.caririemacao.com\/1\/wp-json\/wp\/v2\/posts\/139710","targetHints":{"allow":["GET"]}}],"collection":[{"href":"https:\/\/www.caririemacao.com\/1\/wp-json\/wp\/v2\/posts"}],"about":[{"href":"https:\/\/www.caririemacao.com\/1\/wp-json\/wp\/v2\/types\/post"}],"author":[{"embeddable":true,"href":"https:\/\/www.caririemacao.com\/1\/wp-json\/wp\/v2\/users\/1"}],"replies":[{"embeddable":true,"href":"https:\/\/www.caririemacao.com\/1\/wp-json\/wp\/v2\/comments?post=139710"}],"version-history":[{"count":1,"href":"https:\/\/www.caririemacao.com\/1\/wp-json\/wp\/v2\/posts\/139710\/revisions"}],"predecessor-version":[{"id":139711,"href":"https:\/\/www.caririemacao.com\/1\/wp-json\/wp\/v2\/posts\/139710\/revisions\/139711"}],"wp:featuredmedia":[{"embeddable":true,"href":"https:\/\/www.caririemacao.com\/1\/wp-json\/wp\/v2\/media\/124170"}],"wp:attachment":[{"href":"https:\/\/www.caririemacao.com\/1\/wp-json\/wp\/v2\/media?parent=139710"}],"wp:term":[{"taxonomy":"category","embeddable":true,"href":"https:\/\/www.caririemacao.com\/1\/wp-json\/wp\/v2\/categories?post=139710"},{"taxonomy":"post_tag","embeddable":true,"href":"https:\/\/www.caririemacao.com\/1\/wp-json\/wp\/v2\/tags?post=139710"}],"curies":[{"name":"wp","href":"https:\/\/api.w.org\/{rel}","templated":true}]}}