{"id":139722,"date":"2019-12-06T09:37:40","date_gmt":"2019-12-06T12:37:40","guid":{"rendered":"http:\/\/www.caririemacao.com\/1\/?p=139722"},"modified":"2019-12-06T09:38:27","modified_gmt":"2019-12-06T12:38:27","slug":"alta-do-preco-das-carnes-puxa-inflacao-em-novembro-no-pais-diz-ibge","status":"publish","type":"post","link":"https:\/\/www.caririemacao.com\/1\/2019\/12\/06\/alta-do-preco-das-carnes-puxa-inflacao-em-novembro-no-pais-diz-ibge\/","title":{"rendered":"Alta do pre\u00e7o das carnes puxa infla\u00e7\u00e3o em novembro no pa\u00eds, diz IBGE"},"content":{"rendered":"\n<p>  A alta de 8,09% no pre\u00e7o das carnes foi o item que mais influenciou a infla\u00e7\u00e3o oficial, medida pelo \u00cdndice Nacional de Pre\u00e7os ao Consumidor Amplo (IPCA), em novembro deste ano. Segundo dados divulgados\u00a0hoje\u00a0(6) pelo Instituto Brasileiro de Geografia e Estat\u00edstica (IBGE), o IPCA ficou em 0,51% em novembro, maior taxa para o m\u00eas desde 2015 (1,01%).<\/p>\n\n\n\n<p>Os alimentos e bebidas tiveram uma alta de pre\u00e7os de 0,72%. Al\u00e9m das carnes, tamb\u00e9m contribu\u00edram para a infla\u00e7\u00e3o os cereais, leguminosas e oleaginosas (1,65%), \u00f3leos e gorduras (1,33%), os produtos panificados (0,71%) e as carnes industrializadas (0,69%). Com isso, se alimentar em casa ficou 1,01% mais caro em novembro.<\/p>\n\n\n\n<p>A alimenta\u00e7\u00e3o fora de casa teve alta de pre\u00e7os de 0,21% no per\u00edodo. Por outro lado, tiveram queda de pre\u00e7os alimentos como tub\u00e9rculos, ra\u00edzes e legumes (-12,15%), hortali\u00e7as (-2,20%) e leites e derivados (-0,93%).<\/p>\n\n\n\n<p>Alguns itens n\u00e3o aliment\u00edcios tamb\u00e9m tiveram impacto importante sobre a infla\u00e7\u00e3o&nbsp;neste m\u00eas, como as loterias (24,35%), a energia el\u00e9trica (2,15%), o plano de sa\u00fade (0,59%) e o etanol (2,46%).<\/p>\n\n\n\n<h2 class=\"wp-block-heading\">Grupos de despesas<\/h2>\n\n\n\n<p>Entre os grupos de despesas, os principais impactos vieram da alimenta\u00e7\u00e3o (0,72%), despesas pessoais (1,24%) e habita\u00e7\u00e3o (0,71%). Tamb\u00e9m tiveram infla\u00e7\u00e3o&nbsp;os grupos transportes (0,30%), vestu\u00e1rio (0,35%), sa\u00fade e cuidados pessoais (0,21%) e educa\u00e7\u00e3o (0,08%).&nbsp;&nbsp;<\/p>\n\n\n\n<p>Por outro lado, tiveram defla\u00e7\u00e3o (queda de pre\u00e7os) os grupos de despesas artigos de resid\u00eancia (-0,36%) e comunica\u00e7\u00e3o (-0,02%).<\/p>\n","protected":false},"excerpt":{"rendered":"<p>A alta de 8,09% no pre\u00e7o das carnes foi o item que mais influenciou a infla\u00e7\u00e3o oficial, medida pelo \u00cdndice Nacional de Pre\u00e7os ao Consumidor&hellip; <\/p>\n","protected":false},"author":1,"featured_media":16764,"comment_status":"closed","ping_status":"closed","sticky":false,"template":"","format":"standard","meta":{"sfsi_plus_gutenberg_text_before_share":"","sfsi_plus_gutenberg_show_text_before_share":"","sfsi_plus_gutenberg_icon_type":"","sfsi_plus_gutenberg_icon_alignemt":"","sfsi_plus_gutenburg_max_per_row":"","footnotes":""},"categories":[2],"tags":[],"class_list":["post-139722","post","type-post","status-publish","format-standard","has-post-thumbnail","hentry","category-geral"],"_links":{"self":[{"href":"https:\/\/www.caririemacao.com\/1\/wp-json\/wp\/v2\/posts\/139722","targetHints":{"allow":["GET"]}}],"collection":[{"href":"https:\/\/www.caririemacao.com\/1\/wp-json\/wp\/v2\/posts"}],"about":[{"href":"https:\/\/www.caririemacao.com\/1\/wp-json\/wp\/v2\/types\/post"}],"author":[{"embeddable":true,"href":"https:\/\/www.caririemacao.com\/1\/wp-json\/wp\/v2\/users\/1"}],"replies":[{"embeddable":true,"href":"https:\/\/www.caririemacao.com\/1\/wp-json\/wp\/v2\/comments?post=139722"}],"version-history":[{"count":2,"href":"https:\/\/www.caririemacao.com\/1\/wp-json\/wp\/v2\/posts\/139722\/revisions"}],"predecessor-version":[{"id":139727,"href":"https:\/\/www.caririemacao.com\/1\/wp-json\/wp\/v2\/posts\/139722\/revisions\/139727"}],"wp:featuredmedia":[{"embeddable":true,"href":"https:\/\/www.caririemacao.com\/1\/wp-json\/wp\/v2\/media\/16764"}],"wp:attachment":[{"href":"https:\/\/www.caririemacao.com\/1\/wp-json\/wp\/v2\/media?parent=139722"}],"wp:term":[{"taxonomy":"category","embeddable":true,"href":"https:\/\/www.caririemacao.com\/1\/wp-json\/wp\/v2\/categories?post=139722"},{"taxonomy":"post_tag","embeddable":true,"href":"https:\/\/www.caririemacao.com\/1\/wp-json\/wp\/v2\/tags?post=139722"}],"curies":[{"name":"wp","href":"https:\/\/api.w.org\/{rel}","templated":true}]}}