{"id":139734,"date":"2019-12-06T12:13:19","date_gmt":"2019-12-06T15:13:19","guid":{"rendered":"http:\/\/www.caririemacao.com\/1\/?p=139734"},"modified":"2019-12-06T12:13:19","modified_gmt":"2019-12-06T15:13:19","slug":"prefeitos-do-cariri-se-reunem-para-tratar-sobre-investimentos-no-cisco","status":"publish","type":"post","link":"https:\/\/www.caririemacao.com\/1\/2019\/12\/06\/prefeitos-do-cariri-se-reunem-para-tratar-sobre-investimentos-no-cisco\/","title":{"rendered":"Prefeitos do Cariri se re\u00fanem para tratar sobre investimentos no Cisco"},"content":{"rendered":"\n<p>Esta semana os prefeitos do Cariri estiveram reunidos na sede do Cons\u00f3rcio Intermunicipal de Sa\u00fade do Cariri (Cariri), em Sum\u00e9, para tratar sobre investimentos do cons\u00f3rcio e a entrega de equipamentos para o atendimento da popula\u00e7\u00e3o.<\/p>\n\n\n\n<p>Os equipamentos adquiridos s\u00e3o de emenda do ex-senador C\u00e1ssio Cunha Lima e do ex-deputado Federal Lu\u00eds Couto.<\/p>\n\n\n\n<p>Durante a reuni\u00e3o, os prefeitos assinaram um projeto do Governo Federal, no valor de R$ 4 milh\u00f5es para constru\u00e7\u00e3o de cisternas de placas.<\/p>\n\n\n\n<p>Dezenas de cisternas j\u00e1 foram constru\u00eddas e entregues pelo cons\u00f3rcio. Esta ser\u00e1 mais uma etapa do projeto.<\/p>\n\n\n\n<p>Participaram da reuni\u00e3o os prefeitos: Jefferson Roberto (S\u00e3o Jos\u00e9 dos Cordeiros), Ana Lorena (Monteiro), Sandro Moco (Camala\u00fa), Givaldo Limeira (Coxixola), C\u00e9lio Barbosa (S\u00e3o Jo\u00e3o do Tigre), H\u00e9lder Trajano (S\u00e3o Jo\u00e3o do Cariri) e Carmelita Ventura (Livramento).<\/p>\n\n\n\n<p>Os sumeenses que necessitem de uma cisterna devem procurar o Cisco ou a Secretaria de Agricultura do munic\u00edpio para deixar as informa\u00e7\u00f5es, que posteriormente ser\u00e3o analisadas dentro dos crit\u00e9rios para que o benef\u00edcio seja executado.<\/p>\n\n\n\n<p>O prefeito de Sum\u00e9, \u00c9den Duarte, ressaltou que o Cons\u00f3rcio \u00e9 grande patrim\u00f4nio da regi\u00e3o \u201cEm nossa gest\u00e3o ampliamos os repasses ao Cisco, proporcionando a popula\u00e7\u00e3o o acesso aos servi\u00e7os ofertados\u201d, afirmou. (Com not\u00edcias em destaque)<\/p>\n","protected":false},"excerpt":{"rendered":"<p>Esta semana os prefeitos do Cariri estiveram reunidos na sede do Cons\u00f3rcio Intermunicipal de Sa\u00fade do Cariri (Cariri), em Sum\u00e9, para tratar sobre investimentos do&hellip; <\/p>\n","protected":false},"author":1,"featured_media":139735,"comment_status":"closed","ping_status":"closed","sticky":false,"template":"","format":"standard","meta":{"sfsi_plus_gutenberg_text_before_share":"","sfsi_plus_gutenberg_show_text_before_share":"","sfsi_plus_gutenberg_icon_type":"","sfsi_plus_gutenberg_icon_alignemt":"","sfsi_plus_gutenburg_max_per_row":"","footnotes":""},"categories":[6,50],"tags":[],"class_list":["post-139734","post","type-post","status-publish","format-standard","has-post-thumbnail","hentry","category-cidades","category-destaque"],"_links":{"self":[{"href":"https:\/\/www.caririemacao.com\/1\/wp-json\/wp\/v2\/posts\/139734","targetHints":{"allow":["GET"]}}],"collection":[{"href":"https:\/\/www.caririemacao.com\/1\/wp-json\/wp\/v2\/posts"}],"about":[{"href":"https:\/\/www.caririemacao.com\/1\/wp-json\/wp\/v2\/types\/post"}],"author":[{"embeddable":true,"href":"https:\/\/www.caririemacao.com\/1\/wp-json\/wp\/v2\/users\/1"}],"replies":[{"embeddable":true,"href":"https:\/\/www.caririemacao.com\/1\/wp-json\/wp\/v2\/comments?post=139734"}],"version-history":[{"count":1,"href":"https:\/\/www.caririemacao.com\/1\/wp-json\/wp\/v2\/posts\/139734\/revisions"}],"predecessor-version":[{"id":139736,"href":"https:\/\/www.caririemacao.com\/1\/wp-json\/wp\/v2\/posts\/139734\/revisions\/139736"}],"wp:featuredmedia":[{"embeddable":true,"href":"https:\/\/www.caririemacao.com\/1\/wp-json\/wp\/v2\/media\/139735"}],"wp:attachment":[{"href":"https:\/\/www.caririemacao.com\/1\/wp-json\/wp\/v2\/media?parent=139734"}],"wp:term":[{"taxonomy":"category","embeddable":true,"href":"https:\/\/www.caririemacao.com\/1\/wp-json\/wp\/v2\/categories?post=139734"},{"taxonomy":"post_tag","embeddable":true,"href":"https:\/\/www.caririemacao.com\/1\/wp-json\/wp\/v2\/tags?post=139734"}],"curies":[{"name":"wp","href":"https:\/\/api.w.org\/{rel}","templated":true}]}}