{"id":139741,"date":"2019-12-06T12:35:12","date_gmt":"2019-12-06T15:35:12","guid":{"rendered":"http:\/\/www.caririemacao.com\/1\/?p=139741"},"modified":"2019-12-06T12:35:12","modified_gmt":"2019-12-06T15:35:12","slug":"creche-fernando-paraguay-recebe-projeto-social-dos-alunos-do-ifpb-em-monteiro","status":"publish","type":"post","link":"https:\/\/www.caririemacao.com\/1\/2019\/12\/06\/creche-fernando-paraguay-recebe-projeto-social-dos-alunos-do-ifpb-em-monteiro\/","title":{"rendered":"Creche Fernando Paraguay recebe projeto social dos alunos do IFPB em Monteiro"},"content":{"rendered":"\n<p>O Projeto Movidos pela Solidariedade idealizado e realizados pelos alunos do Instituto Federal da Para\u00edba \u2013 IFPB \u2013 Campus Monteiro, visitaram as crian\u00e7as da Creche Dr. Fernando Bezerra Paraguay na \u00faltima segunda e ter\u00e7a-feira para uma tarde bastante agrad\u00e1vel.<\/p>\n\n\n\n<p>O Projeto est\u00e1 ligado \u00e0 disciplina de Educa\u00e7\u00e3o F\u00edsica, que tem a frente a professora Ms. Tatiana Petrucci, e tem por objetivo fazer com que os alunos dos primeiros cursos oferecidos na institui\u00e7\u00e3o realizem a\u00e7\u00f5es fora do IFPB, onde possam demonstrar que seus talentos e qualidades podem fazer a diferen\u00e7a na vida de outras pessoas.<\/p>\n\n\n\n<p>Na visita a creche foram realizadas diversas atividades l\u00fadicas como atividades de mem\u00f3ria, quebra cabe\u00e7a, desenho da m\u00fasica, leitura de hist\u00f3rias, pintura de rosto e m\u00fasica com brincadeiras de roda.<\/p>\n\n\n\n<p>De acordo com a secret\u00e1ria de Educa\u00e7\u00e3o, Ana Lima, estas a\u00e7\u00f5es enriquecem a rotina das crian\u00e7as, professores e dos pr\u00f3prios estudantes que realizam o projeto e completa: \u201cA prefeita Anna Lorena e suas equipes sempre abrem as portas pra que outras institui\u00e7\u00f5es realizem a\u00e7\u00f5es no \u00e2mbito escolar. Sabemos da import\u00e2ncia do contato dos alunos&nbsp;na academia com os estudantes e nossa gest\u00e3o possibilita essa integra\u00e7\u00e3o que garante uma maior desenvoltura dos alunos do ensino superior com o futuro ambiente de trabalho dos mesmos. Agradecemos o carinho e dedica\u00e7\u00e3o dispensadas aos alunos da rede municipal\u201d.<\/p>\n\n\n\n<p>\u201cNossos trabalhos come\u00e7aram, e a princ\u00edpio tivemos o prazer de conhecer a creche municipal Dr. Fernando Bezerra Paraguay, onde tivemos a oportunidade de prestigiar cada momento e cada sorriso puro que ali foram transmitidos. Al\u00e9m de toda \u00e0 tarde cheia de divers\u00f5es houve, tamb\u00e9m, algumas doa\u00e7\u00f5es de brinquedos e roupas, o que nos transmite ainda mais a id\u00e9ia de solidariedade e empatia pelo pr\u00f3ximo\u201d, diz uma postagem na rede social do projeto.<\/p>\n","protected":false},"excerpt":{"rendered":"<p>O Projeto Movidos pela Solidariedade idealizado e realizados pelos alunos do Instituto Federal da Para\u00edba \u2013 IFPB \u2013 Campus Monteiro, visitaram as crian\u00e7as da Creche&hellip; <\/p>\n","protected":false},"author":1,"featured_media":139742,"comment_status":"closed","ping_status":"closed","sticky":false,"template":"","format":"standard","meta":{"sfsi_plus_gutenberg_text_before_share":"","sfsi_plus_gutenberg_show_text_before_share":"","sfsi_plus_gutenberg_icon_type":"","sfsi_plus_gutenberg_icon_alignemt":"","sfsi_plus_gutenburg_max_per_row":"","footnotes":""},"categories":[14],"tags":[],"class_list":["post-139741","post","type-post","status-publish","format-standard","has-post-thumbnail","hentry","category-educacao"],"_links":{"self":[{"href":"https:\/\/www.caririemacao.com\/1\/wp-json\/wp\/v2\/posts\/139741","targetHints":{"allow":["GET"]}}],"collection":[{"href":"https:\/\/www.caririemacao.com\/1\/wp-json\/wp\/v2\/posts"}],"about":[{"href":"https:\/\/www.caririemacao.com\/1\/wp-json\/wp\/v2\/types\/post"}],"author":[{"embeddable":true,"href":"https:\/\/www.caririemacao.com\/1\/wp-json\/wp\/v2\/users\/1"}],"replies":[{"embeddable":true,"href":"https:\/\/www.caririemacao.com\/1\/wp-json\/wp\/v2\/comments?post=139741"}],"version-history":[{"count":1,"href":"https:\/\/www.caririemacao.com\/1\/wp-json\/wp\/v2\/posts\/139741\/revisions"}],"predecessor-version":[{"id":139743,"href":"https:\/\/www.caririemacao.com\/1\/wp-json\/wp\/v2\/posts\/139741\/revisions\/139743"}],"wp:featuredmedia":[{"embeddable":true,"href":"https:\/\/www.caririemacao.com\/1\/wp-json\/wp\/v2\/media\/139742"}],"wp:attachment":[{"href":"https:\/\/www.caririemacao.com\/1\/wp-json\/wp\/v2\/media?parent=139741"}],"wp:term":[{"taxonomy":"category","embeddable":true,"href":"https:\/\/www.caririemacao.com\/1\/wp-json\/wp\/v2\/categories?post=139741"},{"taxonomy":"post_tag","embeddable":true,"href":"https:\/\/www.caririemacao.com\/1\/wp-json\/wp\/v2\/tags?post=139741"}],"curies":[{"name":"wp","href":"https:\/\/api.w.org\/{rel}","templated":true}]}}