{"id":139745,"date":"2019-12-06T12:36:24","date_gmt":"2019-12-06T15:36:24","guid":{"rendered":"http:\/\/www.caririemacao.com\/1\/?p=139745"},"modified":"2019-12-06T12:36:24","modified_gmt":"2019-12-06T15:36:24","slug":"revista-tribuna-anuncia-anna-lorena-entre-os-melhores-gestores-do-ano-de-2019","status":"publish","type":"post","link":"https:\/\/www.caririemacao.com\/1\/2019\/12\/06\/revista-tribuna-anuncia-anna-lorena-entre-os-melhores-gestores-do-ano-de-2019\/","title":{"rendered":"Revista Tribuna anuncia Anna Lorena entre os melhores gestores do ano de 2019"},"content":{"rendered":"\n<p>A mais tradicional revista impressa da Para\u00edba \u2013 Tribuna dos Munic\u00edpios comunicou esta semana \u00e0 prefeita do munic\u00edpio de Monteiro, Anna Lorena, que a mesma est\u00e1 entre os 20 gestores da Para\u00edba, que ser\u00e3o homenageados no pr\u00f3ximo dia 13 de dezembro, em solenidade que acontece na sede ASFITA, em Jo\u00e3o Pessoa.<\/p>\n\n\n\n<p>O comunicado foi feito pelo pr\u00f3prio dirigente da revista, o empres\u00e1rio e jornalista Manoel Raposo, que destacou os \u00edndices da aprova\u00e7\u00e3o da gest\u00e3o nos quesitos transpar\u00eancia, investimentos em infraestrutura, cultura, social, educa\u00e7\u00e3o e sa\u00fade, classificando a atual prefeita de Monteiro entre os 20 melhores gestores da Para\u00edba.<\/p>\n\n\n\n<p>Para a prefeita Anna Lorena, esse reconhecimento s\u00f3 aumenta o seu compromisso em cuidar cada vez melhor dos seus conterr\u00e2neos e procurar fazer de Monteiro uma cidade cada vez melhor.<\/p>\n\n\n\n<p>\u201cEstamos focados no trabalho, no respeito e no di\u00e1logo com nossos conterr\u00e2neos e isso tem repercutido de forma positiva pelos setores da imprensa e outras entidades que avaliam as gest\u00f5es administrativas nos munic\u00edpios de toda a Para\u00edba. Nos \u00faltimos dias fomos agraciados com um certificado expedido pelo Conselho Regional de Administra\u00e7\u00e3o, com respaldo do Conselho Federal e de outros \u00f3rg\u00e3o de imprensa, \u00e0 exemplo do pr\u00eamio que receberemos do Cariri em A\u00e7\u00e3o no pr\u00f3ximo s\u00e1bado, dia 7, quando recebemos \u00edndices de aprova\u00e7\u00e3o da gest\u00e3o acima de 80%. Isso comprova que estamos no caminho certo.\u201d, disse a prefeita Anna Lorena.<\/p>\n","protected":false},"excerpt":{"rendered":"<p>A mais tradicional revista impressa da Para\u00edba \u2013 Tribuna dos Munic\u00edpios comunicou esta semana \u00e0 prefeita do munic\u00edpio de Monteiro, Anna Lorena, que a mesma&hellip; <\/p>\n","protected":false},"author":1,"featured_media":55550,"comment_status":"closed","ping_status":"closed","sticky":false,"template":"","format":"standard","meta":{"sfsi_plus_gutenberg_text_before_share":"","sfsi_plus_gutenberg_show_text_before_share":"","sfsi_plus_gutenberg_icon_type":"","sfsi_plus_gutenberg_icon_alignemt":"","sfsi_plus_gutenburg_max_per_row":"","footnotes":""},"categories":[2],"tags":[],"class_list":["post-139745","post","type-post","status-publish","format-standard","has-post-thumbnail","hentry","category-geral"],"_links":{"self":[{"href":"https:\/\/www.caririemacao.com\/1\/wp-json\/wp\/v2\/posts\/139745","targetHints":{"allow":["GET"]}}],"collection":[{"href":"https:\/\/www.caririemacao.com\/1\/wp-json\/wp\/v2\/posts"}],"about":[{"href":"https:\/\/www.caririemacao.com\/1\/wp-json\/wp\/v2\/types\/post"}],"author":[{"embeddable":true,"href":"https:\/\/www.caririemacao.com\/1\/wp-json\/wp\/v2\/users\/1"}],"replies":[{"embeddable":true,"href":"https:\/\/www.caririemacao.com\/1\/wp-json\/wp\/v2\/comments?post=139745"}],"version-history":[{"count":1,"href":"https:\/\/www.caririemacao.com\/1\/wp-json\/wp\/v2\/posts\/139745\/revisions"}],"predecessor-version":[{"id":139746,"href":"https:\/\/www.caririemacao.com\/1\/wp-json\/wp\/v2\/posts\/139745\/revisions\/139746"}],"wp:featuredmedia":[{"embeddable":true,"href":"https:\/\/www.caririemacao.com\/1\/wp-json\/wp\/v2\/media\/55550"}],"wp:attachment":[{"href":"https:\/\/www.caririemacao.com\/1\/wp-json\/wp\/v2\/media?parent=139745"}],"wp:term":[{"taxonomy":"category","embeddable":true,"href":"https:\/\/www.caririemacao.com\/1\/wp-json\/wp\/v2\/categories?post=139745"},{"taxonomy":"post_tag","embeddable":true,"href":"https:\/\/www.caririemacao.com\/1\/wp-json\/wp\/v2\/tags?post=139745"}],"curies":[{"name":"wp","href":"https:\/\/api.w.org\/{rel}","templated":true}]}}