{"id":139748,"date":"2019-12-06T12:37:32","date_gmt":"2019-12-06T15:37:32","guid":{"rendered":"http:\/\/www.caririemacao.com\/1\/?p=139748"},"modified":"2019-12-06T12:37:32","modified_gmt":"2019-12-06T15:37:32","slug":"prefeito-silvano-dudu-recebera-veneziano-e-efraim-filho-para-assinar-ordens-de-servico-de-duas-grandes-obras","status":"publish","type":"post","link":"https:\/\/www.caririemacao.com\/1\/2019\/12\/06\/prefeito-silvano-dudu-recebera-veneziano-e-efraim-filho-para-assinar-ordens-de-servico-de-duas-grandes-obras\/","title":{"rendered":"Prefeito Silvano Dudu receber\u00e1 Veneziano e Efraim Filho para assinar ordens de servi\u00e7o de duas grandes obras"},"content":{"rendered":"\n<p>A prefeitura Municipal de Cara\u00fabas estar\u00e1 realizando neste s\u00e1bado, dia 07 de dezembro, a solenidade de assinatura da ordem de servi\u00e7o para a realiza\u00e7\u00e3o de diversas obras e a entrega de equipamentos para a popula\u00e7\u00e3o caraubense.<\/p>\n\n\n\n<p>Na solenidade ser\u00e3o assinados as ordens de servi\u00e7o para a constru\u00e7\u00e3o do Balne\u00e1rio Cangati, do Gin\u00e1sio de Esportes e da conclus\u00e3o da obra da quadra de esportes do campo de futebol.<\/p>\n\n\n\n<p>Na oportunidade, o prefeito Silvano Dudu (PSB), estar\u00e1 entregando a toda a popula\u00e7\u00e3o, um ve\u00edculo VAN para o transporte de pacientes. O gestor caraubense ainda estar\u00e1 realizando a inaugura\u00e7\u00e3o da Sala de Emerg\u00eancia da Sa\u00fade e a entrega de equipamentos para a sa\u00fade.<\/p>\n\n\n\n<p>\u201cIsso \u00e9 fruto de muito trabalho de toda equipe, essas obras s\u00f3 estar\u00e3o sendo realizadas, porque n\u00f3s temos feito o dever de casa com compromisso, planejamento e conten\u00e7\u00f5es de despesas\u201d, destacou Silvano Dudu.<\/p>\n\n\n\n<p>A solenidade ser\u00e1 realizada \u00e1s 10hrs da manh\u00e3, no pr\u00e9dio onde funciona o SCFV , ao lado do mercado p\u00fablico e contar\u00e1 com presen\u00e7a do Prefeito Silvano Dudu, secret\u00e1rios municipais, vereadores e as presen\u00e7as j\u00e1 confirmadas do senador da Rep\u00fablica, Veneziano Vital do R\u00eago e do deputado Federal, Efraim Filho (DEM).<\/p>\n\n\n\n<p><strong>De Olho no Cariri<\/strong><\/p>\n","protected":false},"excerpt":{"rendered":"<p>A prefeitura Municipal de Cara\u00fabas estar\u00e1 realizando neste s\u00e1bado, dia 07 de dezembro, a solenidade de assinatura da ordem de servi\u00e7o para a realiza\u00e7\u00e3o de&hellip; <\/p>\n","protected":false},"author":1,"featured_media":87467,"comment_status":"closed","ping_status":"closed","sticky":false,"template":"","format":"standard","meta":{"sfsi_plus_gutenberg_text_before_share":"","sfsi_plus_gutenberg_show_text_before_share":"","sfsi_plus_gutenberg_icon_type":"","sfsi_plus_gutenberg_icon_alignemt":"","sfsi_plus_gutenburg_max_per_row":"","footnotes":""},"categories":[6],"tags":[],"class_list":["post-139748","post","type-post","status-publish","format-standard","has-post-thumbnail","hentry","category-cidades"],"_links":{"self":[{"href":"https:\/\/www.caririemacao.com\/1\/wp-json\/wp\/v2\/posts\/139748","targetHints":{"allow":["GET"]}}],"collection":[{"href":"https:\/\/www.caririemacao.com\/1\/wp-json\/wp\/v2\/posts"}],"about":[{"href":"https:\/\/www.caririemacao.com\/1\/wp-json\/wp\/v2\/types\/post"}],"author":[{"embeddable":true,"href":"https:\/\/www.caririemacao.com\/1\/wp-json\/wp\/v2\/users\/1"}],"replies":[{"embeddable":true,"href":"https:\/\/www.caririemacao.com\/1\/wp-json\/wp\/v2\/comments?post=139748"}],"version-history":[{"count":1,"href":"https:\/\/www.caririemacao.com\/1\/wp-json\/wp\/v2\/posts\/139748\/revisions"}],"predecessor-version":[{"id":139749,"href":"https:\/\/www.caririemacao.com\/1\/wp-json\/wp\/v2\/posts\/139748\/revisions\/139749"}],"wp:featuredmedia":[{"embeddable":true,"href":"https:\/\/www.caririemacao.com\/1\/wp-json\/wp\/v2\/media\/87467"}],"wp:attachment":[{"href":"https:\/\/www.caririemacao.com\/1\/wp-json\/wp\/v2\/media?parent=139748"}],"wp:term":[{"taxonomy":"category","embeddable":true,"href":"https:\/\/www.caririemacao.com\/1\/wp-json\/wp\/v2\/categories?post=139748"},{"taxonomy":"post_tag","embeddable":true,"href":"https:\/\/www.caririemacao.com\/1\/wp-json\/wp\/v2\/tags?post=139748"}],"curies":[{"name":"wp","href":"https:\/\/api.w.org\/{rel}","templated":true}]}}