{"id":139751,"date":"2019-12-06T12:40:57","date_gmt":"2019-12-06T15:40:57","guid":{"rendered":"http:\/\/www.caririemacao.com\/1\/?p=139751"},"modified":"2019-12-06T12:40:57","modified_gmt":"2019-12-06T15:40:57","slug":"justica-suspende-posse-de-conselheiros-tutelares-na-pb-por-abuso-de-poder-economico-e-politico-nas-eleicoes","status":"publish","type":"post","link":"https:\/\/www.caririemacao.com\/1\/2019\/12\/06\/justica-suspende-posse-de-conselheiros-tutelares-na-pb-por-abuso-de-poder-economico-e-politico-nas-eleicoes\/","title":{"rendered":"Justi\u00e7a suspende posse de conselheiros tutelares na PB por abuso de poder econ\u00f4mico e pol\u00edtico nas elei\u00e7\u00f5es"},"content":{"rendered":"\n<p>Uma decis\u00e3o judicial nesta quinta-feira (05) determinou que a Prefeitura de S\u00e3o Bento n\u00e3o d\u00ea posse a dois conselheiros tutelares que foram eleitos no pleito do \u00faltimo m\u00eas de outubro. Erison John Carneiro dos Santos Costa e Jos\u00e9 Alberlan Dantas de Sousa s\u00e3o acusados de abuso de poder econ\u00f4mico e pol\u00edtico na Elei\u00e7\u00e3o do Conselho Tutelar. A decis\u00e3o foi tomada ap\u00f3s uma a\u00e7\u00e3o civil p\u00fablica de cassa\u00e7\u00e3o de mandato proposta pelo Minist\u00e9rio P\u00fablico da Para\u00edba.<\/p>\n\n\n\n<p>A a\u00e7\u00e3o foi proposta pelo promotor de Justi\u00e7a de S\u00e3o Bento, Osvaldo Lopes, e a decis\u00e3o foi proferida pelo juiz da Comarca, Jos\u00e9 Normando Fernandes. A posse dos candidatos deveria ocorrer no pr\u00f3ximo dia 10 de janeiro. De acordo com a determina\u00e7\u00e3o judicial, o Munic\u00edpio deve dar posse ao primeiro suplente de cada eleito e, na hip\u00f3tese de desist\u00eancia, ao segundo, at\u00e9 o julgamento definitivo de m\u00e9rito, sob pena de responsabiliza\u00e7\u00e3o do agente p\u00fablico que o fizer. A decis\u00e3o deve ser encaminhada ao prefeito de S\u00e3o Bento e ao Conselho Municipal da Crian\u00e7a e do Adolescente do munic\u00edpio para cumprimento.<\/p>\n\n\n\n<p>O promotor de Justi\u00e7a registrou que, durante o trabalho de fiscaliza\u00e7\u00e3o das elei\u00e7\u00f5es, realizado pelo Minist\u00e9rio P\u00fablico, na coleta e contagem dos votos, foram apuradas diversas irregularidades, que violam as normas municipais do pleito, assim como as disposi\u00e7\u00f5es do C\u00f3digo Eleitoral e os princ\u00edpios constitucionais.<\/p>\n\n\n\n<p>Entre as irregularidades apontadas por Osvaldo Lopes est\u00e1 o envolvimento do presidente da C\u00e2mara dos Vereadores, Alexciandro Dantas (Alex Dantas), no intuito de pr\u00e1tica de influ\u00eancia aos eleitores, o que foi constatado em v\u00eddeos e fotografias anexados aos autos, que indicam planejamento e uni\u00e3o de for\u00e7as econ\u00f4micas e pol\u00edticas visando o desequil\u00edbrio do pleito. O promotor de Justi\u00e7a tamb\u00e9m citou a pr\u00e1tica de transporte irregular de eleitores no dia do pleito.<\/p>\n\n\n\n<p><em>Com Click PB<\/em><\/p>\n","protected":false},"excerpt":{"rendered":"<p>Uma decis\u00e3o judicial nesta quinta-feira (05) determinou que a Prefeitura de S\u00e3o Bento n\u00e3o d\u00ea posse a dois conselheiros tutelares que foram eleitos no pleito&hellip; <\/p>\n","protected":false},"author":1,"featured_media":139752,"comment_status":"closed","ping_status":"closed","sticky":false,"template":"","format":"standard","meta":{"sfsi_plus_gutenberg_text_before_share":"","sfsi_plus_gutenberg_show_text_before_share":"","sfsi_plus_gutenberg_icon_type":"","sfsi_plus_gutenberg_icon_alignemt":"","sfsi_plus_gutenburg_max_per_row":"","footnotes":""},"categories":[2],"tags":[],"class_list":["post-139751","post","type-post","status-publish","format-standard","has-post-thumbnail","hentry","category-geral"],"_links":{"self":[{"href":"https:\/\/www.caririemacao.com\/1\/wp-json\/wp\/v2\/posts\/139751","targetHints":{"allow":["GET"]}}],"collection":[{"href":"https:\/\/www.caririemacao.com\/1\/wp-json\/wp\/v2\/posts"}],"about":[{"href":"https:\/\/www.caririemacao.com\/1\/wp-json\/wp\/v2\/types\/post"}],"author":[{"embeddable":true,"href":"https:\/\/www.caririemacao.com\/1\/wp-json\/wp\/v2\/users\/1"}],"replies":[{"embeddable":true,"href":"https:\/\/www.caririemacao.com\/1\/wp-json\/wp\/v2\/comments?post=139751"}],"version-history":[{"count":1,"href":"https:\/\/www.caririemacao.com\/1\/wp-json\/wp\/v2\/posts\/139751\/revisions"}],"predecessor-version":[{"id":139753,"href":"https:\/\/www.caririemacao.com\/1\/wp-json\/wp\/v2\/posts\/139751\/revisions\/139753"}],"wp:featuredmedia":[{"embeddable":true,"href":"https:\/\/www.caririemacao.com\/1\/wp-json\/wp\/v2\/media\/139752"}],"wp:attachment":[{"href":"https:\/\/www.caririemacao.com\/1\/wp-json\/wp\/v2\/media?parent=139751"}],"wp:term":[{"taxonomy":"category","embeddable":true,"href":"https:\/\/www.caririemacao.com\/1\/wp-json\/wp\/v2\/categories?post=139751"},{"taxonomy":"post_tag","embeddable":true,"href":"https:\/\/www.caririemacao.com\/1\/wp-json\/wp\/v2\/tags?post=139751"}],"curies":[{"name":"wp","href":"https:\/\/api.w.org\/{rel}","templated":true}]}}