{"id":139755,"date":"2019-12-06T12:42:32","date_gmt":"2019-12-06T15:42:32","guid":{"rendered":"http:\/\/www.caririemacao.com\/1\/?p=139755"},"modified":"2019-12-06T12:42:32","modified_gmt":"2019-12-06T15:42:32","slug":"presidente-da-assembleia-legislativa-disse-que-so-saira-do-psb-em-2022-ou-se-for-liberado-pelo-psb","status":"publish","type":"post","link":"https:\/\/www.caririemacao.com\/1\/2019\/12\/06\/presidente-da-assembleia-legislativa-disse-que-so-saira-do-psb-em-2022-ou-se-for-liberado-pelo-psb\/","title":{"rendered":"Presidente da Assembleia Legislativa disse que s\u00f3 sair\u00e1 do PSB em 2022  ou se for liberado pelo PSB"},"content":{"rendered":"\n<p>O presidente da Assembleia Legislativa da Para\u00edba, deputado Adriano Galdino disse que j\u00e1 vem analisando outros partidos a exemplo do Avante e do PRB, mas que s\u00f3 poder\u00e1 deixar o PSB na janela partid\u00e1ria de 2022 e para ser presidente da legenda a qual se filiar. \u201cEstou conhecendo outros partidos, mas tenho uma barreira legal a n\u00e3o ser que o PSB me libere ou me expulse. Por enquanto estou analisando outros territ\u00f3rios partid\u00e1rias\u201d.<\/p>\n\n\n\n<p>Adriano criticou a dire\u00e7\u00e3o nacional do PSB de reivindicar o cargo e cobrar do governador Jo\u00e3o Azevedo, o investimento de campanha. \u201cEu acho que a dire\u00e7\u00e3o do PSB se portou muito mal nesse processo, este desfecho poderia ter sido evitado com tentativas de concilia\u00e7\u00e3o, mas desde in\u00edcio ele tomou um lado e n\u00e3o manteve a neutralidade, isso aprofundou a crise e esta \u00faltima decis\u00e3o dele \u00e9 uma barbaridade e absurda do ponto de vista jur\u00eddico, n\u00e3o existe chance nenhuma disso ocorrer\u201d, disse.<\/p>\n\n\n\n<p>O presidente D\u00e1 ALPB tamb\u00e9m disse que n\u00e3o tem nenhuma m\u00e1goa do ex-governador Ricardo Coutinho. \u201cSou agradecido a Ricardo e acredito que ele tamb\u00e9m seja agradecido a mim e este \u00e9 o meu sentimento em rela\u00e7\u00e3o \u00e0 ele: de agradecimento\u201d.<\/p>\n\n\n\n<p>Adriano disse que at\u00e9 o final de dezembro, Jo\u00e3o Azevedo anunciar\u00e1 a nova sigla partid\u00e1ria, mas tamb\u00e9m h\u00e1 a possibilidade dele ficar sem partido at\u00e9 o final da realiza\u00e7\u00e3o das elei\u00e7\u00f5es municipais.<\/p>\n","protected":false},"excerpt":{"rendered":"<p>O presidente da Assembleia Legislativa da Para\u00edba, deputado Adriano Galdino disse que j\u00e1 vem analisando outros partidos a exemplo do Avante e do PRB, mas&hellip; <\/p>\n","protected":false},"author":1,"featured_media":26748,"comment_status":"closed","ping_status":"closed","sticky":false,"template":"","format":"standard","meta":{"sfsi_plus_gutenberg_text_before_share":"","sfsi_plus_gutenberg_show_text_before_share":"","sfsi_plus_gutenberg_icon_type":"","sfsi_plus_gutenberg_icon_alignemt":"","sfsi_plus_gutenburg_max_per_row":"","footnotes":""},"categories":[11],"tags":[],"class_list":["post-139755","post","type-post","status-publish","format-standard","has-post-thumbnail","hentry","category-politica"],"_links":{"self":[{"href":"https:\/\/www.caririemacao.com\/1\/wp-json\/wp\/v2\/posts\/139755","targetHints":{"allow":["GET"]}}],"collection":[{"href":"https:\/\/www.caririemacao.com\/1\/wp-json\/wp\/v2\/posts"}],"about":[{"href":"https:\/\/www.caririemacao.com\/1\/wp-json\/wp\/v2\/types\/post"}],"author":[{"embeddable":true,"href":"https:\/\/www.caririemacao.com\/1\/wp-json\/wp\/v2\/users\/1"}],"replies":[{"embeddable":true,"href":"https:\/\/www.caririemacao.com\/1\/wp-json\/wp\/v2\/comments?post=139755"}],"version-history":[{"count":1,"href":"https:\/\/www.caririemacao.com\/1\/wp-json\/wp\/v2\/posts\/139755\/revisions"}],"predecessor-version":[{"id":139756,"href":"https:\/\/www.caririemacao.com\/1\/wp-json\/wp\/v2\/posts\/139755\/revisions\/139756"}],"wp:featuredmedia":[{"embeddable":true,"href":"https:\/\/www.caririemacao.com\/1\/wp-json\/wp\/v2\/media\/26748"}],"wp:attachment":[{"href":"https:\/\/www.caririemacao.com\/1\/wp-json\/wp\/v2\/media?parent=139755"}],"wp:term":[{"taxonomy":"category","embeddable":true,"href":"https:\/\/www.caririemacao.com\/1\/wp-json\/wp\/v2\/categories?post=139755"},{"taxonomy":"post_tag","embeddable":true,"href":"https:\/\/www.caririemacao.com\/1\/wp-json\/wp\/v2\/tags?post=139755"}],"curies":[{"name":"wp","href":"https:\/\/api.w.org\/{rel}","templated":true}]}}