{"id":139757,"date":"2019-12-06T12:43:35","date_gmt":"2019-12-06T15:43:35","guid":{"rendered":"http:\/\/www.caririemacao.com\/1\/?p=139757"},"modified":"2019-12-06T12:43:35","modified_gmt":"2019-12-06T15:43:35","slug":"senador-se-encontra-com-joao-azevedo-para-definir-saida-do-psb","status":"publish","type":"post","link":"https:\/\/www.caririemacao.com\/1\/2019\/12\/06\/senador-se-encontra-com-joao-azevedo-para-definir-saida-do-psb\/","title":{"rendered":"Senador se encontra com Jo\u00e3o Azev\u00eado para definir sa\u00edda do PSB"},"content":{"rendered":"\n<p><br>O senador paraibano Veneziano Vital do R\u00eago deve se encontrar com o governador do Estado, Jo\u00e3o Azev\u00eado, neste final de semana, para definir a sua tamb\u00e9m desfilia\u00e7\u00e3o do PSB.<\/p>\n\n\n\n<p>Ele disse que quer conversar com o governador para fazer alguns acertos, avaliar os \u00faltimos acontecimentos pol\u00edticos que movimentaram o cen\u00e1rio da pol\u00edtica da Para\u00edba no in\u00edcio da semana com a sa\u00edda de Azev\u00eado do PSB e sobre os pr\u00f3ximos passos referentes \u00e0 filia\u00e7\u00e3o em uma nova legenda.<\/p>\n\n\n\n<figure class=\"wp-block-image\"><img decoding=\"async\" data-src=\"https:\/\/paraibaonline.com.br\/wp-content\/uploads\/2019\/12\/vene0612.jpg\" alt=\"Foto: Paraibaonline\" class=\"wp-image-823473 lazyload\" src=\"data:image\/svg+xml;base64,PHN2ZyB3aWR0aD0iMSIgaGVpZ2h0PSIxIiB4bWxucz0iaHR0cDovL3d3dy53My5vcmcvMjAwMC9zdmciPjwvc3ZnPg==\" \/><\/figure>\n\n\n\n<p>Foto: Paraibaonline<\/p>\n\n\n\n<p>Ele disse que n\u00e3o queria comunicar nada \u00e0 imprensa sem que antes tenha uma reuni\u00e3o com Azev\u00eado. \u201cEu estive j\u00e1 conversando com o governador para justificar a minha aus\u00eancia nas solenidades ocorridas em Campina Grande e Queimadas, afinal estava cheio de atividades e atribui\u00e7\u00f5es no Senado, na quarta-feira passada, mas combinamos de nos encontrarmos neste final de semana, em Jo\u00e3o Pessoa, para falarmos sobre tudo. \u201cN\u00f3s n\u00e3o vamos nos antecipar sem que antes tenhamos essa conversa\u201d, assegurou&nbsp; o senador \u00e0 imprensa da Capital.<\/p>\n","protected":false},"excerpt":{"rendered":"<p>O senador paraibano Veneziano Vital do R\u00eago deve se encontrar com o governador do Estado, Jo\u00e3o Azev\u00eado, neste final de semana, para definir a sua&hellip; <\/p>\n","protected":false},"author":1,"featured_media":99568,"comment_status":"closed","ping_status":"closed","sticky":false,"template":"","format":"standard","meta":{"sfsi_plus_gutenberg_text_before_share":"","sfsi_plus_gutenberg_show_text_before_share":"","sfsi_plus_gutenberg_icon_type":"","sfsi_plus_gutenberg_icon_alignemt":"","sfsi_plus_gutenburg_max_per_row":"","footnotes":""},"categories":[11],"tags":[],"class_list":["post-139757","post","type-post","status-publish","format-standard","has-post-thumbnail","hentry","category-politica"],"_links":{"self":[{"href":"https:\/\/www.caririemacao.com\/1\/wp-json\/wp\/v2\/posts\/139757","targetHints":{"allow":["GET"]}}],"collection":[{"href":"https:\/\/www.caririemacao.com\/1\/wp-json\/wp\/v2\/posts"}],"about":[{"href":"https:\/\/www.caririemacao.com\/1\/wp-json\/wp\/v2\/types\/post"}],"author":[{"embeddable":true,"href":"https:\/\/www.caririemacao.com\/1\/wp-json\/wp\/v2\/users\/1"}],"replies":[{"embeddable":true,"href":"https:\/\/www.caririemacao.com\/1\/wp-json\/wp\/v2\/comments?post=139757"}],"version-history":[{"count":1,"href":"https:\/\/www.caririemacao.com\/1\/wp-json\/wp\/v2\/posts\/139757\/revisions"}],"predecessor-version":[{"id":139758,"href":"https:\/\/www.caririemacao.com\/1\/wp-json\/wp\/v2\/posts\/139757\/revisions\/139758"}],"wp:featuredmedia":[{"embeddable":true,"href":"https:\/\/www.caririemacao.com\/1\/wp-json\/wp\/v2\/media\/99568"}],"wp:attachment":[{"href":"https:\/\/www.caririemacao.com\/1\/wp-json\/wp\/v2\/media?parent=139757"}],"wp:term":[{"taxonomy":"category","embeddable":true,"href":"https:\/\/www.caririemacao.com\/1\/wp-json\/wp\/v2\/categories?post=139757"},{"taxonomy":"post_tag","embeddable":true,"href":"https:\/\/www.caririemacao.com\/1\/wp-json\/wp\/v2\/tags?post=139757"}],"curies":[{"name":"wp","href":"https:\/\/api.w.org\/{rel}","templated":true}]}}