{"id":139765,"date":"2019-12-06T12:50:44","date_gmt":"2019-12-06T15:50:44","guid":{"rendered":"http:\/\/www.caririemacao.com\/1\/?p=139765"},"modified":"2019-12-06T12:50:44","modified_gmt":"2019-12-06T15:50:44","slug":"novo-partido-de-bolsonaro-e-registrado-em-cartorio","status":"publish","type":"post","link":"https:\/\/www.caririemacao.com\/1\/2019\/12\/06\/novo-partido-de-bolsonaro-e-registrado-em-cartorio\/","title":{"rendered":"Novo partido de Bolsonaro \u00e9 registrado em cart\u00f3rio"},"content":{"rendered":"\n<p>O Alian\u00e7a pelo Brasil, partido idealizado pelo presidente Jair Bolsonaro m\u00eas passado, teve sua cria\u00e7\u00e3o registrada em cart\u00f3rio hoje (5).<\/p>\n\n\n\n<p>O respons\u00e1vel pelo registro foi o 2\u00ba vice-presidente da legenda, Luiz Felipe Belmonte. Segundo ele, o partido se pautar\u00e1 pelos \u201cprinc\u00edpios crist\u00e3os\u201d.<\/p>\n\n\n\n<p>\u201cEstamos dando entrada no registro do novo partido Alian\u00e7a Pelo Brasil. Um partido criado pelo presidente Bolsonaro, junto com seus apoiadores, e que pretende ser um partido que defina uma linha de dire\u00e7\u00e3o valorizando os princ\u00edpios crist\u00e3os, valorizando a fam\u00edlia e valorizando essas quest\u00f5es que s\u00e3o da raiz do povo brasileiro\u201d, disse em sua conta no Twitter. \u201cTenho certeza que ser\u00e1 um grande partido e que ter\u00e1 o apoio de grande parte da popula\u00e7\u00e3o brasileira\u201d, completou.<\/p>\n\n\n\n<p>Bolsonaro criou o partido ap\u00f3s anunciar seu desligamento do PSL, legenda com a qual se elegeu presidente da Rep\u00fablica. O novo partido, no entanto, ainda precisa obter o reconhecimento do Tribunal Superior Eleitoral (TSE) para formalizar sua cria\u00e7\u00e3o e participar de elei\u00e7\u00f5es. Para isso, precisa recolher a assinatura de, no m\u00ednimo, 491.967 eleitores em apoio \u00e0 nova legenda.<\/p>\n\n\n\n<p>Na \u00faltima ter\u00e7a-feira (3), o TSE decidiu reconhecer assinaturas eletr\u00f4nicas para formalizar a cria\u00e7\u00e3o de partidos pol\u00edticos. A decis\u00e3o pode acelerar o registro da legenda junto ao tribunal.<\/p>\n\n\n\n<p>Bolsonaro pretende agilizar o processo de obten\u00e7\u00e3o de registro do partido por meio de certificados digitais.<\/p>\n\n\n\n<p>Apesar da decis\u00e3o, n\u00e3o h\u00e1 prazo para que a Justi\u00e7a Eleitoral possa criar aplicativos e programas de computador para efetivar a decis\u00e3o, que ainda precisar\u00e1 ser regulamentada para passar a ter validade. Segundo a presidente do TSE, Rosa Weber, as solu\u00e7\u00f5es n\u00e3o estar\u00e3o prontas para as elei\u00e7\u00f5es municipais de 2020.<\/p>\n","protected":false},"excerpt":{"rendered":"<p>O Alian\u00e7a pelo Brasil, partido idealizado pelo presidente Jair Bolsonaro m\u00eas passado, teve sua cria\u00e7\u00e3o registrada em cart\u00f3rio hoje (5). O respons\u00e1vel pelo registro foi&hellip; <\/p>\n","protected":false},"author":1,"featured_media":139766,"comment_status":"closed","ping_status":"closed","sticky":false,"template":"","format":"standard","meta":{"sfsi_plus_gutenberg_text_before_share":"","sfsi_plus_gutenberg_show_text_before_share":"","sfsi_plus_gutenberg_icon_type":"","sfsi_plus_gutenberg_icon_alignemt":"","sfsi_plus_gutenburg_max_per_row":"","footnotes":""},"categories":[11],"tags":[],"class_list":["post-139765","post","type-post","status-publish","format-standard","has-post-thumbnail","hentry","category-politica"],"_links":{"self":[{"href":"https:\/\/www.caririemacao.com\/1\/wp-json\/wp\/v2\/posts\/139765","targetHints":{"allow":["GET"]}}],"collection":[{"href":"https:\/\/www.caririemacao.com\/1\/wp-json\/wp\/v2\/posts"}],"about":[{"href":"https:\/\/www.caririemacao.com\/1\/wp-json\/wp\/v2\/types\/post"}],"author":[{"embeddable":true,"href":"https:\/\/www.caririemacao.com\/1\/wp-json\/wp\/v2\/users\/1"}],"replies":[{"embeddable":true,"href":"https:\/\/www.caririemacao.com\/1\/wp-json\/wp\/v2\/comments?post=139765"}],"version-history":[{"count":1,"href":"https:\/\/www.caririemacao.com\/1\/wp-json\/wp\/v2\/posts\/139765\/revisions"}],"predecessor-version":[{"id":139767,"href":"https:\/\/www.caririemacao.com\/1\/wp-json\/wp\/v2\/posts\/139765\/revisions\/139767"}],"wp:featuredmedia":[{"embeddable":true,"href":"https:\/\/www.caririemacao.com\/1\/wp-json\/wp\/v2\/media\/139766"}],"wp:attachment":[{"href":"https:\/\/www.caririemacao.com\/1\/wp-json\/wp\/v2\/media?parent=139765"}],"wp:term":[{"taxonomy":"category","embeddable":true,"href":"https:\/\/www.caririemacao.com\/1\/wp-json\/wp\/v2\/categories?post=139765"},{"taxonomy":"post_tag","embeddable":true,"href":"https:\/\/www.caririemacao.com\/1\/wp-json\/wp\/v2\/tags?post=139765"}],"curies":[{"name":"wp","href":"https:\/\/api.w.org\/{rel}","templated":true}]}}