{"id":139774,"date":"2019-12-06T12:56:07","date_gmt":"2019-12-06T15:56:07","guid":{"rendered":"http:\/\/www.caririemacao.com\/1\/?p=139774"},"modified":"2019-12-06T12:56:07","modified_gmt":"2019-12-06T15:56:07","slug":"governador-joao-azevedo-diz-que-nao-se-preocupa-com-ameacas-de-presidente-do-psb","status":"publish","type":"post","link":"https:\/\/www.caririemacao.com\/1\/2019\/12\/06\/governador-joao-azevedo-diz-que-nao-se-preocupa-com-ameacas-de-presidente-do-psb\/","title":{"rendered":"Governador Jo\u00e3o Azev\u00eado diz que n\u00e3o se preocupa com amea\u00e7as de presidente do PSB"},"content":{"rendered":"\n<p>O governador Jo\u00e3o Azev\u00eado afirmou que n\u00e3o est\u00e1 preocupado com as declara\u00e7\u00f5es do presidente nacional do PSB, Carlos Siqueira, de que pretende pedir na justi\u00e7a o mandato dele, al\u00e9m de ressarcimento dos gastos de campanha. \u201cA legisla\u00e7\u00e3o t\u00e1 a\u00ed pra dizer o contr\u00e1rio, ent\u00e3o eu n\u00e3o t\u00f4 preocupado com isso n\u00e3o\u201d, disse Jo\u00e3o a jornalistas na manh\u00e3 desta sexta-feira (6).&nbsp;<\/p>\n\n\n\n<p>Questionado se haveria uma reestrutura\u00e7\u00e3o da bancada governista na Assembleia Legislativa, o governador disse que \u00e9 poss\u00edvel sim, mas vai depender do posicionamento de cada deputado, j\u00e1 que esta \u00e9 uma decis\u00e3o individual.<\/p>\n\n\n\n<p>\u201c\u00c9 poss\u00edvel, mas a\u00ed vai depender do posicionamento de cada um. Eu n\u00e3o posso identificar nesse momento quem ou qual deputado vai mudar o seu posicionamento, isso da\u00ed \u00e9 uma decis\u00e3o pessoal\u201d, afirmou.<\/p>\n","protected":false},"excerpt":{"rendered":"<p>O governador Jo\u00e3o Azev\u00eado afirmou que n\u00e3o est\u00e1 preocupado com as declara\u00e7\u00f5es do presidente nacional do PSB, Carlos Siqueira, de que pretende pedir na justi\u00e7a&hellip; <\/p>\n","protected":false},"author":1,"featured_media":124197,"comment_status":"closed","ping_status":"closed","sticky":false,"template":"","format":"standard","meta":{"sfsi_plus_gutenberg_text_before_share":"","sfsi_plus_gutenberg_show_text_before_share":"","sfsi_plus_gutenberg_icon_type":"","sfsi_plus_gutenberg_icon_alignemt":"","sfsi_plus_gutenburg_max_per_row":"","footnotes":""},"categories":[11],"tags":[],"class_list":["post-139774","post","type-post","status-publish","format-standard","has-post-thumbnail","hentry","category-politica"],"_links":{"self":[{"href":"https:\/\/www.caririemacao.com\/1\/wp-json\/wp\/v2\/posts\/139774","targetHints":{"allow":["GET"]}}],"collection":[{"href":"https:\/\/www.caririemacao.com\/1\/wp-json\/wp\/v2\/posts"}],"about":[{"href":"https:\/\/www.caririemacao.com\/1\/wp-json\/wp\/v2\/types\/post"}],"author":[{"embeddable":true,"href":"https:\/\/www.caririemacao.com\/1\/wp-json\/wp\/v2\/users\/1"}],"replies":[{"embeddable":true,"href":"https:\/\/www.caririemacao.com\/1\/wp-json\/wp\/v2\/comments?post=139774"}],"version-history":[{"count":1,"href":"https:\/\/www.caririemacao.com\/1\/wp-json\/wp\/v2\/posts\/139774\/revisions"}],"predecessor-version":[{"id":139775,"href":"https:\/\/www.caririemacao.com\/1\/wp-json\/wp\/v2\/posts\/139774\/revisions\/139775"}],"wp:featuredmedia":[{"embeddable":true,"href":"https:\/\/www.caririemacao.com\/1\/wp-json\/wp\/v2\/media\/124197"}],"wp:attachment":[{"href":"https:\/\/www.caririemacao.com\/1\/wp-json\/wp\/v2\/media?parent=139774"}],"wp:term":[{"taxonomy":"category","embeddable":true,"href":"https:\/\/www.caririemacao.com\/1\/wp-json\/wp\/v2\/categories?post=139774"},{"taxonomy":"post_tag","embeddable":true,"href":"https:\/\/www.caririemacao.com\/1\/wp-json\/wp\/v2\/tags?post=139774"}],"curies":[{"name":"wp","href":"https:\/\/api.w.org\/{rel}","templated":true}]}}