{"id":139777,"date":"2019-12-06T12:58:22","date_gmt":"2019-12-06T15:58:22","guid":{"rendered":"http:\/\/www.caririemacao.com\/1\/?p=139777"},"modified":"2019-12-06T12:58:22","modified_gmt":"2019-12-06T15:58:22","slug":"governo-do-estado-elabora-pec-que-altera-regime-previdenciario-na-pb","status":"publish","type":"post","link":"https:\/\/www.caririemacao.com\/1\/2019\/12\/06\/governo-do-estado-elabora-pec-que-altera-regime-previdenciario-na-pb\/","title":{"rendered":"Governo do Estado elabora PEC que altera regime previdenci\u00e1rio na PB"},"content":{"rendered":"\n<p>O governador Jo\u00e3o Azev\u00eado (sem partido) encaminhou para Assembleia Legislativa da Para\u00edba (ALPB) uma Proposta de Emenda \u00e0 Constitui\u00e7\u00e3o (PEC) e um Projeto de Lei Complementar que alteram o regime previdenci\u00e1rio no Estado. A medida atende \u00e0 aprova\u00e7\u00e3o PEC da Reforma da Previd\u00eancia, promulgada pelo Congresso Nacional, que determina que estados e munic\u00edpios adotem medidas espec\u00edficas para alterar as legisla\u00e7\u00f5es previdenci\u00e1rias.<\/p>\n\n\n\n<p>Ao&nbsp;<strong>Portal<\/strong>&nbsp;<strong>MaisPB<\/strong>, o presidente da Assembleia Legislativa da Para\u00edba, Adriano Galdino (PSB), informou que o Projeto de Lei j\u00e1 deve ser analisado na pr\u00f3xima semana na Comiss\u00e3o de Constitui\u00e7\u00e3o e Justi\u00e7a (CCJ) e em seguida votado em plen\u00e1rio.<\/p>\n\n\n\n<p>Segundo Galdino, a PEC ainda ser\u00e1 analisada, inclusive por uma Comiss\u00e3o Especial. Por isso, n\u00e3o deve ser aprovada ainda nesse ano. Em rela\u00e7\u00e3o a Comiss\u00e3o, caber\u00e1 aos l\u00edderes dos blocos indicarem os membros.<\/p>\n\n\n\n<p>Confira como ser\u00e1 a tramita\u00e7\u00e3o da PEC<\/p>\n","protected":false},"excerpt":{"rendered":"<p>O governador Jo\u00e3o Azev\u00eado (sem partido) encaminhou para Assembleia Legislativa da Para\u00edba (ALPB) uma Proposta de Emenda \u00e0 Constitui\u00e7\u00e3o (PEC) e um Projeto de Lei&hellip; <\/p>\n","protected":false},"author":1,"featured_media":85569,"comment_status":"closed","ping_status":"closed","sticky":false,"template":"","format":"standard","meta":{"sfsi_plus_gutenberg_text_before_share":"","sfsi_plus_gutenberg_show_text_before_share":"","sfsi_plus_gutenberg_icon_type":"","sfsi_plus_gutenberg_icon_alignemt":"","sfsi_plus_gutenburg_max_per_row":"","footnotes":""},"categories":[11],"tags":[],"class_list":["post-139777","post","type-post","status-publish","format-standard","has-post-thumbnail","hentry","category-politica"],"_links":{"self":[{"href":"https:\/\/www.caririemacao.com\/1\/wp-json\/wp\/v2\/posts\/139777","targetHints":{"allow":["GET"]}}],"collection":[{"href":"https:\/\/www.caririemacao.com\/1\/wp-json\/wp\/v2\/posts"}],"about":[{"href":"https:\/\/www.caririemacao.com\/1\/wp-json\/wp\/v2\/types\/post"}],"author":[{"embeddable":true,"href":"https:\/\/www.caririemacao.com\/1\/wp-json\/wp\/v2\/users\/1"}],"replies":[{"embeddable":true,"href":"https:\/\/www.caririemacao.com\/1\/wp-json\/wp\/v2\/comments?post=139777"}],"version-history":[{"count":1,"href":"https:\/\/www.caririemacao.com\/1\/wp-json\/wp\/v2\/posts\/139777\/revisions"}],"predecessor-version":[{"id":139778,"href":"https:\/\/www.caririemacao.com\/1\/wp-json\/wp\/v2\/posts\/139777\/revisions\/139778"}],"wp:featuredmedia":[{"embeddable":true,"href":"https:\/\/www.caririemacao.com\/1\/wp-json\/wp\/v2\/media\/85569"}],"wp:attachment":[{"href":"https:\/\/www.caririemacao.com\/1\/wp-json\/wp\/v2\/media?parent=139777"}],"wp:term":[{"taxonomy":"category","embeddable":true,"href":"https:\/\/www.caririemacao.com\/1\/wp-json\/wp\/v2\/categories?post=139777"},{"taxonomy":"post_tag","embeddable":true,"href":"https:\/\/www.caririemacao.com\/1\/wp-json\/wp\/v2\/tags?post=139777"}],"curies":[{"name":"wp","href":"https:\/\/api.w.org\/{rel}","templated":true}]}}