{"id":139780,"date":"2019-12-06T16:17:33","date_gmt":"2019-12-06T19:17:33","guid":{"rendered":"http:\/\/www.caririemacao.com\/1\/?p=139780"},"modified":"2019-12-06T16:17:33","modified_gmt":"2019-12-06T19:17:33","slug":"joao-assegura-relacao-republicana-com-prefeitos-apos-saida-do-psb","status":"publish","type":"post","link":"https:\/\/www.caririemacao.com\/1\/2019\/12\/06\/joao-assegura-relacao-republicana-com-prefeitos-apos-saida-do-psb\/","title":{"rendered":"Jo\u00e3o assegura rela\u00e7\u00e3o republicana com prefeitos ap\u00f3s sa\u00edda do PSB"},"content":{"rendered":"\n<p>O governador Jo\u00e3o Azev\u00eado (sem partido) ressaltou, na manh\u00e3 desta sexta-feira (6), que a sua sa\u00edda do PSB em nada altera a rela\u00e7\u00e3o republicana com prefeitos da legenda. Nessa quinta-feira (5), a prefeita de Conde,&nbsp;<a href=\"https:\/\/www.maispb.com.br\/430828\/marcia-permanece-no-psb-mas-nao-quer-perder-dialogo-com-joao.html\"><strong>M\u00e1rcia Lucena (PSB) disse ao Portal MaisPB<\/strong><\/a>, que espera a continuidade de parcerias com o governo.<\/p>\n\n\n\n<p>\u201cNunca deixei de atender um prefeito de oposi\u00e7\u00e3o. Ontem eu estava em Monte Horebe, inaugurando uma adutora e o prefeito Marcos Eron n\u00e3o votou em mim, as pessoas evidentemente merecem respeito, a minha rela\u00e7\u00e3o \u00e9 republicana, assim como quero ir \u00e0 Bras\u00edlia e ser recebido por qualquer ministro. N\u00e3o represento a mim mesmo, represento o estado\u201d, destacou o gestor, durante o lan\u00e7amento do Programa Governo Digital, que tem como principal objetivo facilitar o acesso do cidad\u00e3o a diversos servi\u00e7os oferecidos pelo Estado.<\/p>\n\n\n\n<p>Jo\u00e3o Azev\u00eado evitou tecer coment\u00e1rios sobre&nbsp;<a href=\"https:\/\/www.maispb.com.br\/430831\/camila-revida-tentativa-de-ricardo-em-dialogar-com-oposicao-porta-fechada.html\"><strong>a posi\u00e7\u00e3o anunciada pelo ex-governador Ricardo Coutinho (PSB) de procurar a oposi\u00e7\u00e3o<\/strong><\/a>, a partir do rompimento entre os dois.<\/p>\n\n\n\n<p>\u201cN\u00e3o fa\u00e7o coment\u00e1rio a respeito da posi\u00e7\u00e3o de quem quer que seja. \u00c9 um caminho que o ex-governador est\u00e1 escolhendo. O que me interessa \u00e9 o que estamos fazendo aqui\u201d, disse.<\/p>\n\n\n\n<p>Azev\u00eado espera que os deputados do PSB, especialmente os ligados a Coutinho, a exemplo de Cida Ramos, Estela Bezerra, Buba Germano e Jeov\u00e1 Campos, continuem votando as mat\u00e9rias de interesse do governo.<\/p>\n\n\n\n<p><strong>MaisPB<\/strong><\/p>\n","protected":false},"excerpt":{"rendered":"<p>O governador Jo\u00e3o Azev\u00eado (sem partido) ressaltou, na manh\u00e3 desta sexta-feira (6), que a sua sa\u00edda do PSB em nada altera a rela\u00e7\u00e3o republicana com&hellip; <\/p>\n","protected":false},"author":1,"featured_media":111206,"comment_status":"closed","ping_status":"closed","sticky":false,"template":"","format":"standard","meta":{"sfsi_plus_gutenberg_text_before_share":"","sfsi_plus_gutenberg_show_text_before_share":"","sfsi_plus_gutenberg_icon_type":"","sfsi_plus_gutenberg_icon_alignemt":"","sfsi_plus_gutenburg_max_per_row":"","footnotes":""},"categories":[11],"tags":[],"class_list":["post-139780","post","type-post","status-publish","format-standard","has-post-thumbnail","hentry","category-politica"],"_links":{"self":[{"href":"https:\/\/www.caririemacao.com\/1\/wp-json\/wp\/v2\/posts\/139780","targetHints":{"allow":["GET"]}}],"collection":[{"href":"https:\/\/www.caririemacao.com\/1\/wp-json\/wp\/v2\/posts"}],"about":[{"href":"https:\/\/www.caririemacao.com\/1\/wp-json\/wp\/v2\/types\/post"}],"author":[{"embeddable":true,"href":"https:\/\/www.caririemacao.com\/1\/wp-json\/wp\/v2\/users\/1"}],"replies":[{"embeddable":true,"href":"https:\/\/www.caririemacao.com\/1\/wp-json\/wp\/v2\/comments?post=139780"}],"version-history":[{"count":1,"href":"https:\/\/www.caririemacao.com\/1\/wp-json\/wp\/v2\/posts\/139780\/revisions"}],"predecessor-version":[{"id":139788,"href":"https:\/\/www.caririemacao.com\/1\/wp-json\/wp\/v2\/posts\/139780\/revisions\/139788"}],"wp:featuredmedia":[{"embeddable":true,"href":"https:\/\/www.caririemacao.com\/1\/wp-json\/wp\/v2\/media\/111206"}],"wp:attachment":[{"href":"https:\/\/www.caririemacao.com\/1\/wp-json\/wp\/v2\/media?parent=139780"}],"wp:term":[{"taxonomy":"category","embeddable":true,"href":"https:\/\/www.caririemacao.com\/1\/wp-json\/wp\/v2\/categories?post=139780"},{"taxonomy":"post_tag","embeddable":true,"href":"https:\/\/www.caririemacao.com\/1\/wp-json\/wp\/v2\/tags?post=139780"}],"curies":[{"name":"wp","href":"https:\/\/api.w.org\/{rel}","templated":true}]}}