{"id":139781,"date":"2019-12-06T14:50:29","date_gmt":"2019-12-06T17:50:29","guid":{"rendered":"http:\/\/www.caririemacao.com\/1\/?p=139781"},"modified":"2019-12-06T14:50:29","modified_gmt":"2019-12-06T17:50:29","slug":"dia-nacional-de-mobilizacao-dos-homens-pelo-fim-da-violencia-contra-as-mulheres-e-tema-de-palestra-em-sume","status":"publish","type":"post","link":"https:\/\/www.caririemacao.com\/1\/2019\/12\/06\/dia-nacional-de-mobilizacao-dos-homens-pelo-fim-da-violencia-contra-as-mulheres-e-tema-de-palestra-em-sume\/","title":{"rendered":"Dia Nacional de Mobiliza\u00e7\u00e3o dos Homens pelo Fim da Viol\u00eancia Contra as Mulheres \u00e9 tema de palestra em Sum\u00e9"},"content":{"rendered":"\n<p>Dando continuidade \u00e0s a\u00e7\u00f5es da Campanha \u201c16 Dias de Ativismo pelo Fim da Viol\u00eancia Contra as Mulheres\u201d, a Prefeitura de Sum\u00e9, por meio da Secretaria Municipal de Administra\u00e7\u00e3o, organizou nesta sexta-feira (6), uma palestra educativa para os homens sobre o fim da viol\u00eancia contra as mulheres. O evento aconteceu no audit\u00f3rio da Secretaria de Educa\u00e7\u00e3o e foi ministrado pelo professor, Valdon\u00edlson Barbosa, do CDSA\/UFCG.  A palestra foi dirigida para funcion\u00e1rios da Secretaria de Obras do munic\u00edpio.<\/p>\n\n\n\n<p>\u201c\u00c9 um momento gratificante contribuir com o tema, agrade\u00e7o pela oportunidade de poder conversar com os homens no sentido de sensibiliz\u00e1-los no combate \u00e0 viol\u00eancia contra as mulheres. \u00c9 um tema muito importante que precisa ser trabalhado para que os homens possam transformar esse tipo de conduta&#8221;, destacou Valdon\u00edlson.<\/p>\n\n\n\n<p>Para encerrar o dia com o tema, o secret\u00e1rio de Administra\u00e7\u00e3o, Bon\u00edlson Tim\u00f3teo, reuniu todo os homens, servidores da sede da Prefeitura, para compartilharem a hashtag #ElesPorElas, de forma que a causa seja refletida por todos os colegas de trabalho.<\/p>\n","protected":false},"excerpt":{"rendered":"<p>Dando continuidade \u00e0s a\u00e7\u00f5es da Campanha \u201c16 Dias de Ativismo pelo Fim da Viol\u00eancia Contra as Mulheres\u201d, a Prefeitura de Sum\u00e9, por meio da Secretaria&hellip; <\/p>\n","protected":false},"author":1,"featured_media":139783,"comment_status":"closed","ping_status":"closed","sticky":false,"template":"","format":"standard","meta":{"sfsi_plus_gutenberg_text_before_share":"","sfsi_plus_gutenberg_show_text_before_share":"","sfsi_plus_gutenberg_icon_type":"","sfsi_plus_gutenberg_icon_alignemt":"","sfsi_plus_gutenburg_max_per_row":"","footnotes":""},"categories":[2],"tags":[],"class_list":["post-139781","post","type-post","status-publish","format-standard","has-post-thumbnail","hentry","category-geral"],"_links":{"self":[{"href":"https:\/\/www.caririemacao.com\/1\/wp-json\/wp\/v2\/posts\/139781","targetHints":{"allow":["GET"]}}],"collection":[{"href":"https:\/\/www.caririemacao.com\/1\/wp-json\/wp\/v2\/posts"}],"about":[{"href":"https:\/\/www.caririemacao.com\/1\/wp-json\/wp\/v2\/types\/post"}],"author":[{"embeddable":true,"href":"https:\/\/www.caririemacao.com\/1\/wp-json\/wp\/v2\/users\/1"}],"replies":[{"embeddable":true,"href":"https:\/\/www.caririemacao.com\/1\/wp-json\/wp\/v2\/comments?post=139781"}],"version-history":[{"count":1,"href":"https:\/\/www.caririemacao.com\/1\/wp-json\/wp\/v2\/posts\/139781\/revisions"}],"predecessor-version":[{"id":139784,"href":"https:\/\/www.caririemacao.com\/1\/wp-json\/wp\/v2\/posts\/139781\/revisions\/139784"}],"wp:featuredmedia":[{"embeddable":true,"href":"https:\/\/www.caririemacao.com\/1\/wp-json\/wp\/v2\/media\/139783"}],"wp:attachment":[{"href":"https:\/\/www.caririemacao.com\/1\/wp-json\/wp\/v2\/media?parent=139781"}],"wp:term":[{"taxonomy":"category","embeddable":true,"href":"https:\/\/www.caririemacao.com\/1\/wp-json\/wp\/v2\/categories?post=139781"},{"taxonomy":"post_tag","embeddable":true,"href":"https:\/\/www.caririemacao.com\/1\/wp-json\/wp\/v2\/tags?post=139781"}],"curies":[{"name":"wp","href":"https:\/\/api.w.org\/{rel}","templated":true}]}}