{"id":139793,"date":"2019-12-06T16:20:53","date_gmt":"2019-12-06T19:20:53","guid":{"rendered":"http:\/\/www.caririemacao.com\/1\/?p=139793"},"modified":"2019-12-06T16:20:53","modified_gmt":"2019-12-06T19:20:53","slug":"monteiro-conta-com-novos-profissionais-certificados-atraves-de-cursos-oferecidos-pela-prefeitura","status":"publish","type":"post","link":"https:\/\/www.caririemacao.com\/1\/2019\/12\/06\/monteiro-conta-com-novos-profissionais-certificados-atraves-de-cursos-oferecidos-pela-prefeitura\/","title":{"rendered":"Monteiro conta com novos profissionais certificados atrav\u00e9s de cursos oferecidos pela prefeitura"},"content":{"rendered":"\n<p>\n\nA Secretaria de Desenvolvimento Social vem atrav\u00e9s dos anos expandindo as oportunidades de mudan\u00e7a de vida dos monteirenses. Desde 2017 diversos cursos em v\u00e1rias \u00e1reas foram oferecidos e na noite desta quarta-feira, 04, aproximadamente 80 pessoas est\u00e3o habilitadas e preparadas para o mercado de trabalho.<\/p>\n\n\n\n<p>O munic\u00edpio conta com profissionais capacitados para atuar com Drenagem Linf\u00e1tica, Deseign de Sobrancelhas, Cuidador de Crian\u00e7a e para trabalhar com inform\u00e1tica b\u00e1sica.<\/p>\n\n\n\n<p>A prefeita Anna Lorena esteve presente junto aos novos profissionais e suas fam\u00edlias, professores e autoridades para entregar os certificados de conclus\u00e3o dos cursos e participar de uma bela comemora\u00e7\u00e3o de mais uma etapa da vida destes monteirenses.<\/p>\n\n\n\n<p>Durante o evento v\u00e1rios alunos tiveram a oportunidade de contar suas experi\u00eancias, alguns at\u00e9 ressaltando que logo ap\u00f3s o termino do curso j\u00e1 estavam no campo de trabalho conseguindo sua renda. Os profissionais das \u00e1reas afins aos cursos tamb\u00e9m prestigiaram o evento contando suas experi\u00eancias incentivando aos novos profissionais.<\/p>\n\n\n\n<p>Gilmaria Fernanda, Cabeleireira, fez o curso de Drenagem Linf\u00e1tica, disse que j\u00e1 est\u00e1 ganhando dinheiro com a presta\u00e7\u00e3o do novo servi\u00e7o em seu sal\u00e3o. \u201cO curso foi \u00f3timo, pois abriu a possibilidade de agregar mais um servi\u00e7o ao meu neg\u00f3cio e, ao mesmo tempo, aumentar o faturamento e a renda da minha fam\u00edlia\u201d.<\/p>\n\n\n\n<p>Antonia Angeli, que nunca havia trabalhado na \u00e1rea de beleza e fez o curso de Design de Sobrancelhas, afirmou que o curso abriu as portas pra uma nova oportunidade de neg\u00f3cio, e j\u00e1 est\u00e1 colhendo os frutos do resultado do seu trabalho.<br>\u201cEstou orgulhosa demais de cada um de voc\u00eas. N\u00f3s n\u00e3o temos o poder de dar o peixe a todos, mas estamos tendo a oportunidade de oferecer os meios para que todos aprendam a pescar. Queremos que cada monteirense possa gerar a sua pr\u00f3pria renda contribuindo para o desenvolvimento familiar e da pr\u00f3pria comunidade\u201d, conta Anna Lorena.<\/p>\n","protected":false},"excerpt":{"rendered":"<p>A Secretaria de Desenvolvimento Social vem atrav\u00e9s dos anos expandindo as oportunidades de mudan\u00e7a de vida dos monteirenses. Desde 2017 diversos cursos em v\u00e1rias \u00e1reas&hellip; <\/p>\n","protected":false},"author":1,"featured_media":139794,"comment_status":"closed","ping_status":"closed","sticky":false,"template":"","format":"standard","meta":{"sfsi_plus_gutenberg_text_before_share":"","sfsi_plus_gutenberg_show_text_before_share":"","sfsi_plus_gutenberg_icon_type":"","sfsi_plus_gutenberg_icon_alignemt":"","sfsi_plus_gutenburg_max_per_row":"","footnotes":""},"categories":[6],"tags":[],"class_list":["post-139793","post","type-post","status-publish","format-standard","has-post-thumbnail","hentry","category-cidades"],"_links":{"self":[{"href":"https:\/\/www.caririemacao.com\/1\/wp-json\/wp\/v2\/posts\/139793","targetHints":{"allow":["GET"]}}],"collection":[{"href":"https:\/\/www.caririemacao.com\/1\/wp-json\/wp\/v2\/posts"}],"about":[{"href":"https:\/\/www.caririemacao.com\/1\/wp-json\/wp\/v2\/types\/post"}],"author":[{"embeddable":true,"href":"https:\/\/www.caririemacao.com\/1\/wp-json\/wp\/v2\/users\/1"}],"replies":[{"embeddable":true,"href":"https:\/\/www.caririemacao.com\/1\/wp-json\/wp\/v2\/comments?post=139793"}],"version-history":[{"count":1,"href":"https:\/\/www.caririemacao.com\/1\/wp-json\/wp\/v2\/posts\/139793\/revisions"}],"predecessor-version":[{"id":139795,"href":"https:\/\/www.caririemacao.com\/1\/wp-json\/wp\/v2\/posts\/139793\/revisions\/139795"}],"wp:featuredmedia":[{"embeddable":true,"href":"https:\/\/www.caririemacao.com\/1\/wp-json\/wp\/v2\/media\/139794"}],"wp:attachment":[{"href":"https:\/\/www.caririemacao.com\/1\/wp-json\/wp\/v2\/media?parent=139793"}],"wp:term":[{"taxonomy":"category","embeddable":true,"href":"https:\/\/www.caririemacao.com\/1\/wp-json\/wp\/v2\/categories?post=139793"},{"taxonomy":"post_tag","embeddable":true,"href":"https:\/\/www.caririemacao.com\/1\/wp-json\/wp\/v2\/tags?post=139793"}],"curies":[{"name":"wp","href":"https:\/\/api.w.org\/{rel}","templated":true}]}}