{"id":139798,"date":"2019-12-06T16:22:22","date_gmt":"2019-12-06T19:22:22","guid":{"rendered":"http:\/\/www.caririemacao.com\/1\/?p=139798"},"modified":"2019-12-06T16:22:22","modified_gmt":"2019-12-06T19:22:22","slug":"abono-natalino-do-bolsa-familia-deve-sair-na-proxima-terca-feira-diz-governador","status":"publish","type":"post","link":"https:\/\/www.caririemacao.com\/1\/2019\/12\/06\/abono-natalino-do-bolsa-familia-deve-sair-na-proxima-terca-feira-diz-governador\/","title":{"rendered":"Abono natalino do Bolsa Fam\u00edlia deve sair na pr\u00f3xima ter\u00e7a-feira, diz governador"},"content":{"rendered":"\n<p>O governador Jo\u00e3o Azev\u00eado afirmou, na manh\u00e3 desta sexta-feira (6), que o&nbsp;<a href=\"https:\/\/www.clickpb.com.br\/economia\/publicada-lei-que-institui-abono-natalino-do-bolsa-familia-em-r-64-270684.html\">abono natalino dos benefici\u00e1rios do Bolsa Fam\u00edlia<\/a>&nbsp;na Para\u00edba deve ser pago na pr\u00f3xima ter\u00e7a-feira (10).<\/p>\n\n\n\n<p>Segundo ele, todo o trabalho necess\u00e1rio est\u00e1 sendo realizado junto \u00e0 Caixa Econ\u00f4mica Federal para que o pagamento do abono, de R$ 64, saia nesta data. Haver\u00e1 confirma\u00e7\u00e3o nos pr\u00f3ximos dias.<\/p>\n","protected":false},"excerpt":{"rendered":"<p>O governador Jo\u00e3o Azev\u00eado afirmou, na manh\u00e3 desta sexta-feira (6), que o&nbsp;abono natalino dos benefici\u00e1rios do Bolsa Fam\u00edlia&nbsp;na Para\u00edba deve ser pago na pr\u00f3xima ter\u00e7a-feira&hellip; <\/p>\n","protected":false},"author":1,"featured_media":36283,"comment_status":"closed","ping_status":"closed","sticky":false,"template":"","format":"standard","meta":{"sfsi_plus_gutenberg_text_before_share":"","sfsi_plus_gutenberg_show_text_before_share":"","sfsi_plus_gutenberg_icon_type":"","sfsi_plus_gutenberg_icon_alignemt":"","sfsi_plus_gutenburg_max_per_row":"","footnotes":""},"categories":[50,2],"tags":[],"class_list":["post-139798","post","type-post","status-publish","format-standard","has-post-thumbnail","hentry","category-destaque","category-geral"],"_links":{"self":[{"href":"https:\/\/www.caririemacao.com\/1\/wp-json\/wp\/v2\/posts\/139798","targetHints":{"allow":["GET"]}}],"collection":[{"href":"https:\/\/www.caririemacao.com\/1\/wp-json\/wp\/v2\/posts"}],"about":[{"href":"https:\/\/www.caririemacao.com\/1\/wp-json\/wp\/v2\/types\/post"}],"author":[{"embeddable":true,"href":"https:\/\/www.caririemacao.com\/1\/wp-json\/wp\/v2\/users\/1"}],"replies":[{"embeddable":true,"href":"https:\/\/www.caririemacao.com\/1\/wp-json\/wp\/v2\/comments?post=139798"}],"version-history":[{"count":1,"href":"https:\/\/www.caririemacao.com\/1\/wp-json\/wp\/v2\/posts\/139798\/revisions"}],"predecessor-version":[{"id":139799,"href":"https:\/\/www.caririemacao.com\/1\/wp-json\/wp\/v2\/posts\/139798\/revisions\/139799"}],"wp:featuredmedia":[{"embeddable":true,"href":"https:\/\/www.caririemacao.com\/1\/wp-json\/wp\/v2\/media\/36283"}],"wp:attachment":[{"href":"https:\/\/www.caririemacao.com\/1\/wp-json\/wp\/v2\/media?parent=139798"}],"wp:term":[{"taxonomy":"category","embeddable":true,"href":"https:\/\/www.caririemacao.com\/1\/wp-json\/wp\/v2\/categories?post=139798"},{"taxonomy":"post_tag","embeddable":true,"href":"https:\/\/www.caririemacao.com\/1\/wp-json\/wp\/v2\/tags?post=139798"}],"curies":[{"name":"wp","href":"https:\/\/api.w.org\/{rel}","templated":true}]}}