{"id":139809,"date":"2019-12-07T08:39:57","date_gmt":"2019-12-07T11:39:57","guid":{"rendered":"http:\/\/www.caririemacao.com\/1\/?p=139809"},"modified":"2019-12-07T08:41:01","modified_gmt":"2019-12-07T11:41:01","slug":"chegou-o-grande-dia-premio-referencia-sera-entregue-na-noite-deste-sabado","status":"publish","type":"post","link":"https:\/\/www.caririemacao.com\/1\/2019\/12\/07\/chegou-o-grande-dia-premio-referencia-sera-entregue-na-noite-deste-sabado\/","title":{"rendered":"CHEGOU O GRANDE DIA: PREMIO REFER\u00caNCIA SER\u00c1 ENTREGUE NA NOITE DESTE S\u00c1BADO"},"content":{"rendered":"\n<p>O Momento t\u00e3o aguardado finalmente chegou. Acontece hoje \u00e0 noite, a entrega de uma das maiores premia\u00e7\u00f5es do estado, o PREMIO REFER\u00caNCIA promovido pelo portal CARIRI EM A\u00c7\u00c3O.<br><\/p>\n\n\n\n<p>Centenas de empres\u00e1rios, agentes p\u00fablicos, lideran\u00e7as pol\u00edticas e profissionais ter\u00e3o seus trabalhos reconhecidos e receber\u00e3o o pr\u00eamio que foi fruto de uma criteriosa pesquisa realizada inloco em 24 cidades do Cariri e do interior de Pernambuco.<br>Para o idealizador da premia\u00e7\u00e3o e diretor do portal CARIRI EM A\u00c7\u00c3O, o momento \u00e9 de concluir a \u00faltima etapa de uma grande e jornada e trazer esta satisfa\u00e7\u00e3o e alegria a todos os envolvidos na premia\u00e7\u00e3o.<br><\/p>\n\n\n\n<p>\u201cRealmente n\u00e3o \u00e9 f\u00e1cil, mas nossa equipe trabalhou com todo empenho para proporcionar uma justa homenagem e uma grande festa que vai acontecer hoje a noite no Clube Municipal, com muito orgulho\u201d, declarou Marivaldo Alc\u00e2ntara.<br><\/p>\n\n\n\n<p>O PR\u00caMIO REFER\u00caNCIA ser\u00e1 entregue a partir das 20 horas, e a cerimonia acontece no Centro Cultural Alexandre da Silva Brito, com transmiss\u00e3o ao vivo nas redes sociais e no site do CARIRI EM A\u00c7\u00c3O:\u00a0<a href=\"http:\/\/www.caririemacao.com\/\">www.caririemacao.com<\/a><br><\/p>\n\n\n\n<p>F\u00c1BIO BRITO <\/p>\n","protected":false},"excerpt":{"rendered":"<p>O Momento t\u00e3o aguardado finalmente chegou. Acontece hoje \u00e0 noite, a entrega de uma das maiores premia\u00e7\u00f5es do estado, o PREMIO REFER\u00caNCIA promovido pelo portal&hellip; <\/p>\n","protected":false},"author":1,"featured_media":139678,"comment_status":"closed","ping_status":"closed","sticky":false,"template":"","format":"standard","meta":{"sfsi_plus_gutenberg_text_before_share":"","sfsi_plus_gutenberg_show_text_before_share":"","sfsi_plus_gutenberg_icon_type":"","sfsi_plus_gutenberg_icon_alignemt":"","sfsi_plus_gutenburg_max_per_row":"","footnotes":""},"categories":[50,2],"tags":[],"class_list":["post-139809","post","type-post","status-publish","format-standard","has-post-thumbnail","hentry","category-destaque","category-geral"],"_links":{"self":[{"href":"https:\/\/www.caririemacao.com\/1\/wp-json\/wp\/v2\/posts\/139809","targetHints":{"allow":["GET"]}}],"collection":[{"href":"https:\/\/www.caririemacao.com\/1\/wp-json\/wp\/v2\/posts"}],"about":[{"href":"https:\/\/www.caririemacao.com\/1\/wp-json\/wp\/v2\/types\/post"}],"author":[{"embeddable":true,"href":"https:\/\/www.caririemacao.com\/1\/wp-json\/wp\/v2\/users\/1"}],"replies":[{"embeddable":true,"href":"https:\/\/www.caririemacao.com\/1\/wp-json\/wp\/v2\/comments?post=139809"}],"version-history":[{"count":2,"href":"https:\/\/www.caririemacao.com\/1\/wp-json\/wp\/v2\/posts\/139809\/revisions"}],"predecessor-version":[{"id":139812,"href":"https:\/\/www.caririemacao.com\/1\/wp-json\/wp\/v2\/posts\/139809\/revisions\/139812"}],"wp:featuredmedia":[{"embeddable":true,"href":"https:\/\/www.caririemacao.com\/1\/wp-json\/wp\/v2\/media\/139678"}],"wp:attachment":[{"href":"https:\/\/www.caririemacao.com\/1\/wp-json\/wp\/v2\/media?parent=139809"}],"wp:term":[{"taxonomy":"category","embeddable":true,"href":"https:\/\/www.caririemacao.com\/1\/wp-json\/wp\/v2\/categories?post=139809"},{"taxonomy":"post_tag","embeddable":true,"href":"https:\/\/www.caririemacao.com\/1\/wp-json\/wp\/v2\/tags?post=139809"}],"curies":[{"name":"wp","href":"https:\/\/api.w.org\/{rel}","templated":true}]}}