{"id":139813,"date":"2019-12-07T08:57:58","date_gmt":"2019-12-07T11:57:58","guid":{"rendered":"http:\/\/www.caririemacao.com\/1\/?p=139813"},"modified":"2019-12-07T08:57:58","modified_gmt":"2019-12-07T11:57:58","slug":"mais-agua-no-campo-carros-pipa-abastecem-402-cisternas-e-levam-agua-para-11-mil-pessoas","status":"publish","type":"post","link":"https:\/\/www.caririemacao.com\/1\/2019\/12\/07\/mais-agua-no-campo-carros-pipa-abastecem-402-cisternas-e-levam-agua-para-11-mil-pessoas\/","title":{"rendered":"MAIS \u00c1GUA NO CAMPO: Carros Pipa abastecem 402 Cisternas e levam \u00e1gua para 11 mil pessoas"},"content":{"rendered":"\n<p>A Secretaria de Agricultura Meio Ambiente e Desenvolvimento Sustent\u00e1vel de Monteiro encaminhou ao gabinete da Prefeita Anna Lorena, o relat\u00f3rio das a\u00e7\u00f5es executadas no m\u00eas de Novembro, dentro do programa \u201cMais \u00c1gua no Campo\u201d.<br>O programa garantiu, somente no m\u00eas de novembro, fornecimento de \u00e1gua para consumo humano, atrav\u00e9s do abastecimento de 402 cisternas, nas zonas urbana e rural do munic\u00edpio, beneficiando diretamente 11.105 pessoas que s\u00e3o atendidas mensalmente pelos carros pipa cadastrados na Opera\u00e7\u00e3o Pipa e pelo carro pipa do PAC.<br>O programa \u201cMAIS \u00c1GUA NO CAMPO\u201d, foi implantado pela prefeita Anna Lorena, atendendo uma reivindica\u00e7\u00e3o dos presidentes das mais de 60 Associa\u00e7\u00f5es Rurais do munic\u00edpio e visa suprir a necessidade de recursos h\u00eddricos de todas as resid\u00eancias da zona rural, bem como de todas as pequenas propriedades rurais com a oferta de servi\u00e7os de abastecimento de \u00e1gua de qualidade para consumo humano, \u00e1gua para uso comum, dessedenta\u00e7\u00e3o animal e irriga\u00e7\u00e3o de sistemas produtivos agroecol\u00f3gicos consorciados.<br>Segundo o secret\u00e1rio da pasta, Alfredo Viana, esses n\u00fameros chegam a superar mais de 15 mil pessoas beneficiadas, pois al\u00e9m de atender as resid\u00eancias da zona rural, os carros pipa ainda garantem abastecimento para os alunos da creche Jaqueline Santa Cruz, Academias de Sa\u00fade da rua do a\u00e7ude e da Vila Santa Maria e os Postos de Sa\u00fade da Fam\u00edlia dos s\u00edtios Jabitac\u00e1, Pocinhos e Queimadas.<br>Segundo os dados da Secretaria de Agricultura de Monteiro, durante o m\u00eas de novembro, foram atendidas as comunidades de Amaro, Angiquinho, Assentamento dos Dez, Barreiros, Boa Esperan\u00e7a, Bredos, Cachoeira, Cacimba de Cima, Cacimbinha, Camale\u00e3o, Esp\u00edrito Santo, Extrema, Gameleira, Gavi\u00e3o, Lagoa do Mato, Macap\u00e1, Morcego, Mulungu, Mutir\u00e3o, Olho D\u2019\u00e1gua do Silva, Pau D\u2019Arco, Picos, Pitombeira, Po\u00e7\u00e3o, Pocinhos, Posto Fiscal, Queimadas, Rancharia, Riacho da Cruz, Riacho do Meio, Riacho Verde, Riacho Verde, Rigideira, Samambaia de Cima, Santa Catarina, Serra Branca, Serrote, Serrote de Baixo, Serrote de Baixo, Serrote de Cima, Sitio do Meio, Tamandu\u00e1, Tapagem, Tingui, Tung\u00e3o, Umburana e Vila Produtiva Rural Lafayete. <\/p>\n","protected":false},"excerpt":{"rendered":"<p>A Secretaria de Agricultura Meio Ambiente e Desenvolvimento Sustent\u00e1vel de Monteiro encaminhou ao gabinete da Prefeita Anna Lorena, o relat\u00f3rio das a\u00e7\u00f5es executadas no m\u00eas&hellip; <\/p>\n","protected":false},"author":1,"featured_media":139814,"comment_status":"closed","ping_status":"closed","sticky":false,"template":"","format":"standard","meta":{"sfsi_plus_gutenberg_text_before_share":"","sfsi_plus_gutenberg_show_text_before_share":"","sfsi_plus_gutenberg_icon_type":"","sfsi_plus_gutenberg_icon_alignemt":"","sfsi_plus_gutenburg_max_per_row":"","footnotes":""},"categories":[2],"tags":[],"class_list":["post-139813","post","type-post","status-publish","format-standard","has-post-thumbnail","hentry","category-geral"],"_links":{"self":[{"href":"https:\/\/www.caririemacao.com\/1\/wp-json\/wp\/v2\/posts\/139813","targetHints":{"allow":["GET"]}}],"collection":[{"href":"https:\/\/www.caririemacao.com\/1\/wp-json\/wp\/v2\/posts"}],"about":[{"href":"https:\/\/www.caririemacao.com\/1\/wp-json\/wp\/v2\/types\/post"}],"author":[{"embeddable":true,"href":"https:\/\/www.caririemacao.com\/1\/wp-json\/wp\/v2\/users\/1"}],"replies":[{"embeddable":true,"href":"https:\/\/www.caririemacao.com\/1\/wp-json\/wp\/v2\/comments?post=139813"}],"version-history":[{"count":1,"href":"https:\/\/www.caririemacao.com\/1\/wp-json\/wp\/v2\/posts\/139813\/revisions"}],"predecessor-version":[{"id":139815,"href":"https:\/\/www.caririemacao.com\/1\/wp-json\/wp\/v2\/posts\/139813\/revisions\/139815"}],"wp:featuredmedia":[{"embeddable":true,"href":"https:\/\/www.caririemacao.com\/1\/wp-json\/wp\/v2\/media\/139814"}],"wp:attachment":[{"href":"https:\/\/www.caririemacao.com\/1\/wp-json\/wp\/v2\/media?parent=139813"}],"wp:term":[{"taxonomy":"category","embeddable":true,"href":"https:\/\/www.caririemacao.com\/1\/wp-json\/wp\/v2\/categories?post=139813"},{"taxonomy":"post_tag","embeddable":true,"href":"https:\/\/www.caririemacao.com\/1\/wp-json\/wp\/v2\/tags?post=139813"}],"curies":[{"name":"wp","href":"https:\/\/api.w.org\/{rel}","templated":true}]}}