{"id":139818,"date":"2019-12-07T08:59:02","date_gmt":"2019-12-07T11:59:02","guid":{"rendered":"http:\/\/www.caririemacao.com\/1\/?p=139818"},"modified":"2019-12-07T08:59:02","modified_gmt":"2019-12-07T11:59:02","slug":"mais-luz-no-campo-atende-108-familias-de-24-comunidades-rurais-em-novembro","status":"publish","type":"post","link":"https:\/\/www.caririemacao.com\/1\/2019\/12\/07\/mais-luz-no-campo-atende-108-familias-de-24-comunidades-rurais-em-novembro\/","title":{"rendered":"\u201cMais Luz no Campo\u201d atende 108 fam\u00edlias de 24 comunidades rurais em Novembro"},"content":{"rendered":"\n<p>A Secretaria de Agricultura Meio Ambiente e Desenvolvimento Sustent\u00e1vel de Monteiro encaminhou ao gabinete da Prefeita Anna Lorena, o relat\u00f3rio das a\u00e7\u00f5es executadas no m\u00eas de Novembro, dentro do programa \u201cMais Luz no Campo\u201d.<br>Somente neste m\u00eas de Novembro, mais 108 fam\u00edlias de 24 comunidades rurais, sa\u00edram da completa escurid\u00e3o e foram beneficiadas com a substitui\u00e7\u00e3o de l\u00e2mpadas, soquetes, bocal, rel\u00e9, lumin\u00e1ria, bra\u00e7os de sustenta\u00e7\u00e3o e outros servi\u00e7os de manuten\u00e7\u00e3o, com o acompanhamento e supervis\u00e3o dos presidentes das Associa\u00e7\u00f5es Rurais.<br>O programa \u201cMais Luz no Campo\u201d, implantado pela prefeita Anna Lorena, j\u00e1 \u00e9 considerado o maior programa de Ilumina\u00e7\u00e3o rural da hist\u00f3ria do munic\u00edpio, e visa suprir a demanda de ilumina\u00e7\u00e3o p\u00fablica de todas as resid\u00eancias da zona rural.<br>Segundo os dados da secretaria, foram atendidas as comunidades dos s\u00edtios Boa Esperan\u00e7a, Bredos, Cachoeira, Cacimbinha, Esp\u00edrito Santo, Extrema, Gavi\u00e3o, Macap\u00e1, Morcego, Mulungu, Pau D\u2019Arco, Rancharia, Riacho do Meio, Riacho Verde, Rigideira, Samambaia de Cima, Santa Catarina, Serra Branca, Serrote de Baixo, Sitio do Meio, Tingui, Tung\u00e3o, Umburana e Vila Lafayetti.<br><strong>Como participar do \u201cMais Luz no Campo\u201d<\/strong><br>Para ter acesso ao programa \u201cMais Luz no Campo\u201d, todas as demandas de cada comunidade dever\u00e3o ser encaminhadas atrav\u00e9s da associa\u00e7\u00e3o rural, \u00e0 Secretaria de Agricultura do Munic\u00edpio, que inclui na agenda de servi\u00e7os e j\u00e1 estabelece um prazo m\u00e9dio de in\u00edcio e conclus\u00e3o dos servi\u00e7os para cada comunidade.<br>Na data agendada, a equipe de eletricistas \u00e9 acompanhada pelo presidente da associa\u00e7\u00e3o rural ou seu representante para comprova\u00e7\u00e3o dos servi\u00e7os realizados. <\/p>\n","protected":false},"excerpt":{"rendered":"<p>A Secretaria de Agricultura Meio Ambiente e Desenvolvimento Sustent\u00e1vel de Monteiro encaminhou ao gabinete da Prefeita Anna Lorena, o relat\u00f3rio das a\u00e7\u00f5es executadas no m\u00eas&hellip; <\/p>\n","protected":false},"author":1,"featured_media":135126,"comment_status":"closed","ping_status":"closed","sticky":false,"template":"","format":"standard","meta":{"sfsi_plus_gutenberg_text_before_share":"","sfsi_plus_gutenberg_show_text_before_share":"","sfsi_plus_gutenberg_icon_type":"","sfsi_plus_gutenberg_icon_alignemt":"","sfsi_plus_gutenburg_max_per_row":"","footnotes":""},"categories":[6],"tags":[],"class_list":["post-139818","post","type-post","status-publish","format-standard","has-post-thumbnail","hentry","category-cidades"],"_links":{"self":[{"href":"https:\/\/www.caririemacao.com\/1\/wp-json\/wp\/v2\/posts\/139818","targetHints":{"allow":["GET"]}}],"collection":[{"href":"https:\/\/www.caririemacao.com\/1\/wp-json\/wp\/v2\/posts"}],"about":[{"href":"https:\/\/www.caririemacao.com\/1\/wp-json\/wp\/v2\/types\/post"}],"author":[{"embeddable":true,"href":"https:\/\/www.caririemacao.com\/1\/wp-json\/wp\/v2\/users\/1"}],"replies":[{"embeddable":true,"href":"https:\/\/www.caririemacao.com\/1\/wp-json\/wp\/v2\/comments?post=139818"}],"version-history":[{"count":1,"href":"https:\/\/www.caririemacao.com\/1\/wp-json\/wp\/v2\/posts\/139818\/revisions"}],"predecessor-version":[{"id":139819,"href":"https:\/\/www.caririemacao.com\/1\/wp-json\/wp\/v2\/posts\/139818\/revisions\/139819"}],"wp:featuredmedia":[{"embeddable":true,"href":"https:\/\/www.caririemacao.com\/1\/wp-json\/wp\/v2\/media\/135126"}],"wp:attachment":[{"href":"https:\/\/www.caririemacao.com\/1\/wp-json\/wp\/v2\/media?parent=139818"}],"wp:term":[{"taxonomy":"category","embeddable":true,"href":"https:\/\/www.caririemacao.com\/1\/wp-json\/wp\/v2\/categories?post=139818"},{"taxonomy":"post_tag","embeddable":true,"href":"https:\/\/www.caririemacao.com\/1\/wp-json\/wp\/v2\/tags?post=139818"}],"curies":[{"name":"wp","href":"https:\/\/api.w.org\/{rel}","templated":true}]}}