{"id":139821,"date":"2019-12-07T09:00:29","date_gmt":"2019-12-07T12:00:29","guid":{"rendered":"http:\/\/www.caririemacao.com\/1\/?p=139821"},"modified":"2019-12-07T09:00:29","modified_gmt":"2019-12-07T12:00:29","slug":"chegada-do-papai-noel-em-monteiro-tem-gostinho-todo-especial-e-sorteio-de-bicicleta","status":"publish","type":"post","link":"https:\/\/www.caririemacao.com\/1\/2019\/12\/07\/chegada-do-papai-noel-em-monteiro-tem-gostinho-todo-especial-e-sorteio-de-bicicleta\/","title":{"rendered":"Chegada do Papai Noel em Monteiro tem gostinho todo especial e sorteio de bicicleta"},"content":{"rendered":"\n<p>As crian\u00e7as de Monteiro contar\u00e3o com uma expectativa a mais neste natal. O Papai Noel far\u00e1 sua chegada no dia 21 de dezembro na Pra\u00e7a Jo\u00e3o Pessoa \u00e0s 20h, e dentre seus presentes ele traz uma linda bicicleta que ser\u00e1 sorteada.<br><\/p>\n\n\n\n<p>O sorteio da bicicleta se dar\u00e1 por meio de cartinhas que as crian\u00e7as poder\u00e3o deixar na Secretaria de Desenvolvimento Social at\u00e9 o dia 21. As cartas podem ser entregues das 08 \u00e0s 13h.<br><\/p>\n\n\n\n<p>\u201cO Papai Noel este ano presentear\u00e1 uma crian\u00e7a com uma linda bicicleta, basta que a crian\u00e7a ou os pais deixem a cartinha contando porque merecem ganhar o presente. As cartinhas ser\u00e3o entregues ao bom velhinho e o sorteio acontecer\u00e1 na Pra\u00e7a Jo\u00e3o Pessoa.\u00a0Todos podem participar, vai ser um momento lindo assim como no ano passado\u201d, explica a secret\u00e1ria da pasta, Rosa Aleixo.<br><\/p>\n\n\n\n<p>Este \u00e9 o segundo ano que a Prefeitura de Monteiro realiza este grande evento, que em 2018 levou centenas de crian\u00e7as e pais \u00e0 Pra\u00e7a Jo\u00e3o Pessoa em uma noite encantada, que ficou na mem\u00f3ria e nos sonhos das crian\u00e7as e gera uma grande expectativa para este ano.<br><\/p>\n\n\n\n<p>A realiza\u00e7\u00e3o da Chegada do Papai Noel \u00e9 um esfor\u00e7o da Secretaria de Desenvolvimento Social em conjunto com toda a equipe da gest\u00e3o municipal que proporciona um momento de encantamento, luz e muita magia, aguardado por todos durante o ano inteiro. <\/p>\n","protected":false},"excerpt":{"rendered":"<p>As crian\u00e7as de Monteiro contar\u00e3o com uma expectativa a mais neste natal. O Papai Noel far\u00e1 sua chegada no dia 21 de dezembro na Pra\u00e7a&hellip; <\/p>\n","protected":false},"author":1,"featured_media":139822,"comment_status":"closed","ping_status":"closed","sticky":false,"template":"","format":"standard","meta":{"sfsi_plus_gutenberg_text_before_share":"","sfsi_plus_gutenberg_show_text_before_share":"","sfsi_plus_gutenberg_icon_type":"","sfsi_plus_gutenberg_icon_alignemt":"","sfsi_plus_gutenburg_max_per_row":"","footnotes":""},"categories":[2],"tags":[],"class_list":["post-139821","post","type-post","status-publish","format-standard","has-post-thumbnail","hentry","category-geral"],"_links":{"self":[{"href":"https:\/\/www.caririemacao.com\/1\/wp-json\/wp\/v2\/posts\/139821","targetHints":{"allow":["GET"]}}],"collection":[{"href":"https:\/\/www.caririemacao.com\/1\/wp-json\/wp\/v2\/posts"}],"about":[{"href":"https:\/\/www.caririemacao.com\/1\/wp-json\/wp\/v2\/types\/post"}],"author":[{"embeddable":true,"href":"https:\/\/www.caririemacao.com\/1\/wp-json\/wp\/v2\/users\/1"}],"replies":[{"embeddable":true,"href":"https:\/\/www.caririemacao.com\/1\/wp-json\/wp\/v2\/comments?post=139821"}],"version-history":[{"count":1,"href":"https:\/\/www.caririemacao.com\/1\/wp-json\/wp\/v2\/posts\/139821\/revisions"}],"predecessor-version":[{"id":139823,"href":"https:\/\/www.caririemacao.com\/1\/wp-json\/wp\/v2\/posts\/139821\/revisions\/139823"}],"wp:featuredmedia":[{"embeddable":true,"href":"https:\/\/www.caririemacao.com\/1\/wp-json\/wp\/v2\/media\/139822"}],"wp:attachment":[{"href":"https:\/\/www.caririemacao.com\/1\/wp-json\/wp\/v2\/media?parent=139821"}],"wp:term":[{"taxonomy":"category","embeddable":true,"href":"https:\/\/www.caririemacao.com\/1\/wp-json\/wp\/v2\/categories?post=139821"},{"taxonomy":"post_tag","embeddable":true,"href":"https:\/\/www.caririemacao.com\/1\/wp-json\/wp\/v2\/tags?post=139821"}],"curies":[{"name":"wp","href":"https:\/\/api.w.org\/{rel}","templated":true}]}}