{"id":139824,"date":"2019-12-07T09:02:37","date_gmt":"2019-12-07T12:02:37","guid":{"rendered":"http:\/\/www.caririemacao.com\/1\/?p=139824"},"modified":"2019-12-07T09:02:37","modified_gmt":"2019-12-07T12:02:37","slug":"apresentadora-paraibana-larissa-pereira-entra-para-o-rodizio-fixo-do-jornal-nacional","status":"publish","type":"post","link":"https:\/\/www.caririemacao.com\/1\/2019\/12\/07\/apresentadora-paraibana-larissa-pereira-entra-para-o-rodizio-fixo-do-jornal-nacional\/","title":{"rendered":"Apresentadora paraibana, Larissa Pereira entra para o rod\u00edzio fixo do Jornal Nacional"},"content":{"rendered":"\n<p>O Jornal Nacional, a partir de 2020, vai contar com a \u00e2ncora do JPB2, da TV Cabo Branco, Larissa Pereira, na equipe oficial de plantonistas que substitui William Bonner e Renata Vasconcellos aos s\u00e1bados. Na tarde desta sexta-feira (6), a paraibana recebeu a not\u00edcia do novo desafio. Dentre as participantes do projeto \u2018JN 50 anos\u2019, ela foi a terceira, at\u00e9 o momento da postagem desta mat\u00e9ria, a ser convidada para integrar o quadro da bancada. <\/p>\n\n\n\n<p>Em novembro, a jornalista esteve \u00e0 frente do Jornal Nacional representando a Para\u00edba e a Rede Para\u00edba de Comunica\u00e7\u00e3o para todo o pa\u00eds. Com seguran\u00e7a e profissionalismo, Larissa Pereira conseguiu estender a representatividade do jornalismo profissional do estado e adquirir mais uma conquista que refor\u00e7a a credibilidade das TVs Cabo Branco e Para\u00edba.<\/p>\n\n\n\n<p>Mesmo com o convite, Larissa Pereira continua no comando do JPB2, na TV Cabo Branco, logo ap\u00f3s a novela das seis. <\/p>\n\n\n\n<p>Com informa\u00e7\u00f5es da TV Cabo Branco.<\/p>\n","protected":false},"excerpt":{"rendered":"<p>O Jornal Nacional, a partir de 2020, vai contar com a \u00e2ncora do JPB2, da TV Cabo Branco, Larissa Pereira, na equipe oficial de plantonistas&hellip; <\/p>\n","protected":false},"author":1,"featured_media":139825,"comment_status":"closed","ping_status":"closed","sticky":false,"template":"","format":"standard","meta":{"sfsi_plus_gutenberg_text_before_share":"","sfsi_plus_gutenberg_show_text_before_share":"","sfsi_plus_gutenberg_icon_type":"","sfsi_plus_gutenberg_icon_alignemt":"","sfsi_plus_gutenburg_max_per_row":"","footnotes":""},"categories":[2],"tags":[],"class_list":["post-139824","post","type-post","status-publish","format-standard","has-post-thumbnail","hentry","category-geral"],"_links":{"self":[{"href":"https:\/\/www.caririemacao.com\/1\/wp-json\/wp\/v2\/posts\/139824","targetHints":{"allow":["GET"]}}],"collection":[{"href":"https:\/\/www.caririemacao.com\/1\/wp-json\/wp\/v2\/posts"}],"about":[{"href":"https:\/\/www.caririemacao.com\/1\/wp-json\/wp\/v2\/types\/post"}],"author":[{"embeddable":true,"href":"https:\/\/www.caririemacao.com\/1\/wp-json\/wp\/v2\/users\/1"}],"replies":[{"embeddable":true,"href":"https:\/\/www.caririemacao.com\/1\/wp-json\/wp\/v2\/comments?post=139824"}],"version-history":[{"count":1,"href":"https:\/\/www.caririemacao.com\/1\/wp-json\/wp\/v2\/posts\/139824\/revisions"}],"predecessor-version":[{"id":139826,"href":"https:\/\/www.caririemacao.com\/1\/wp-json\/wp\/v2\/posts\/139824\/revisions\/139826"}],"wp:featuredmedia":[{"embeddable":true,"href":"https:\/\/www.caririemacao.com\/1\/wp-json\/wp\/v2\/media\/139825"}],"wp:attachment":[{"href":"https:\/\/www.caririemacao.com\/1\/wp-json\/wp\/v2\/media?parent=139824"}],"wp:term":[{"taxonomy":"category","embeddable":true,"href":"https:\/\/www.caririemacao.com\/1\/wp-json\/wp\/v2\/categories?post=139824"},{"taxonomy":"post_tag","embeddable":true,"href":"https:\/\/www.caririemacao.com\/1\/wp-json\/wp\/v2\/tags?post=139824"}],"curies":[{"name":"wp","href":"https:\/\/api.w.org\/{rel}","templated":true}]}}