{"id":139861,"date":"2019-12-07T10:08:07","date_gmt":"2019-12-07T13:08:07","guid":{"rendered":"http:\/\/www.caririemacao.com\/1\/?p=139861"},"modified":"2019-12-07T10:08:07","modified_gmt":"2019-12-07T13:08:07","slug":"damares-diz-que-falta-de-saneamento-e-violacao-aos-direitos-humanos","status":"publish","type":"post","link":"https:\/\/www.caririemacao.com\/1\/2019\/12\/07\/damares-diz-que-falta-de-saneamento-e-violacao-aos-direitos-humanos\/","title":{"rendered":"Damares diz que falta de saneamento \u00e9 viola\u00e7\u00e3o aos direitos humanos"},"content":{"rendered":"\n<p>A ministra da Mulher, da Fam\u00edlia e dos Direitos Humanos, Damares Alves, disse hoje (6) que n\u00e3o h\u00e1 como salvar crian\u00e7as de situa\u00e7\u00f5es prec\u00e1rias de vida sem saneamento b\u00e1sico. Segundo ela, a falta de projetos nessa \u00e1rea \u00e9 uma viola\u00e7\u00e3o dos direitos humanos como preconiza a Organiza\u00e7\u00e3o das Na\u00e7\u00f5es Unidas (ONU), que inclui ainda o fornecimento de \u00e1gua tratada nos direitos das popula\u00e7\u00f5es.<\/p>\n\n\n\n<p>\u201c\u00c0s vezes soa at\u00e9 de uma forma hip\u00f3crita a gente falar de direitos e de defesa de crian\u00e7a quando a maior viola\u00e7\u00e3o de direitos de crian\u00e7a nessa na\u00e7\u00e3o tem sido o n\u00e3o acesso ao saneamento b\u00e1sico\u201d, afirmou ao participar da abertura encontro BNDES com \u2018S\u2019 de Social e de Saneamento, na sede do banco, no Rio de Janeiro.<\/p>\n\n\n\n<p>Para a ministra, essas quest\u00f5es t\u00eam tudo a ver com o minist\u00e9rio que ela dirige, porque n\u00e3o se pode falar em direitos de minorias e da mulher sem tratar do saneamento e da \u00e1gua.<\/p>\n\n\n\n<p>Segundo Damares, o governo Bolsonaro reconhece a d\u00edvida que o pa\u00eds tem diante do atraso de projetos, mesmo ap\u00f3s 31 anos de promulga\u00e7\u00e3o da Constitui\u00e7\u00e3o, que inclui o direito ao saneamento. \u201cN\u00e3o d\u00e1 para falar de desenvolvimento sem falar em saneamento\u201d, apontou, acrescentando que uma das maiores viola\u00e7\u00f5es cometidas contra as crian\u00e7as no Brasil \u00e9 a falta de acesso ao saneamento.<\/p>\n\n\n\n<h2 class=\"wp-block-heading\">Esgoto a c\u00e9u aberto<\/h2>\n\n\n\n<p>Damares destacou que j\u00e1 participou de inaugura\u00e7\u00e3o de grandes obras, que t\u00eam ao redor um cen\u00e1rio com esgoto a c\u00e9u aberto.<\/p>\n\n\n\n<p>Segundo ela, embora dif\u00edcil, \u00e9 preciso virar esta l\u00f3gica no Brasil. \u201cO maior legado que podemos deixar para esta na\u00e7\u00e3o \u00e9 na \u00e1rea de saneamento. N\u00e3o vou conseguir salvar essas crian\u00e7as e proteger mulheres sem saneamento\u201d, disse.<\/p>\n\n\n\n<p>\u201cTem uma viol\u00eancia maior contra uma mulher de ver seu filho agonizando no colo com dores por causa de hepatite? Tem maior viol\u00eancia contra as crian\u00e7as v\u00ea-las morrerem no&nbsp;Brasil [v\u00edtimas] de diarreia?\u201d.<\/p>\n\n\n\n<p>A ministra aproveitou a presen\u00e7a dos governadores do Acre, Gladson Cameli, de Alagoas, Renan Filho, e do Amap\u00e1, Waldez G\u00f3es, para pedir que eles atuem junto \u00e0s suas bancadas no Congresso para que aprovem o projeto de lei que trata do saneamento.<\/p>\n\n\n\n<p>\u201cNos ajudem, por favor. Temos o Projeto de Lei 3261\/2019 que est\u00e1 pronto para ser votado. Este projeto vai mudar a hist\u00f3ria da nossa na\u00e7\u00e3o. Ele traz um norte para o saneamento no Brasil e vai propiciar a iniciativa privada investir em saneamento. Ent\u00e3o, governadores, vou precisar muito que as bancadas estejam ajudando na aprova\u00e7\u00e3o\u201d, disse.<\/p>\n\n\n\n<h2 class=\"wp-block-heading\">Viol\u00eancia sexual<\/h2>\n\n\n\n<p>Damares comentou ainda que, no S de social do BNDES, ela conta com a institui\u00e7\u00e3o no Programa Abrace Maraj\u00f3, lan\u00e7ado pelo minist\u00e9rio. Segundo ela,&nbsp;o primeiro trabalho feito naquela regi\u00e3o do Norte do pa\u00eds foi o de enfrentamento \u00e0 viol\u00eancia sexual.<\/p>\n\n\n\n<figure class=\"wp-block-image\"><img decoding=\"async\" data-src=\"http:\/\/imagens.ebc.com.br\/tabX_krGRe11kLO2c5hzv5YlD1Y=\/754x0\/smart\/http:\/\/agenciabrasil.ebc.com.br\/sites\/default\/files\/thumbnails\/image\/tnrgo_061219_mg_09334211.jpg?itok=JSDi6uiB\" alt=\"A ministra da Mulher, Fam\u00edlia e Direitos HumanosDamares Alves, participa do evento \u201cBNDES com \u2018S\u2019 de Social e de Saneamento\u201d \n\" src=\"data:image\/svg+xml;base64,PHN2ZyB3aWR0aD0iMSIgaGVpZ2h0PSIxIiB4bWxucz0iaHR0cDovL3d3dy53My5vcmcvMjAwMC9zdmciPjwvc3ZnPg==\" class=\"lazyload\" \/><\/figure>\n\n\n\n<h6 class=\"wp-block-heading\">Ministra Damares Alves: &#8220;milh\u00f5es de crian\u00e7as s\u00e3o v\u00edtimas de viol\u00eancia sexual&#8221; no Brasil&nbsp; &nbsp;&nbsp;<strong>T\u00e2nia R\u00eago\/Ag\u00eancia Brasil<\/strong><\/h6>\n\n\n\n<p>\u201cA viol\u00eancia sexual neste pa\u00eds \u00e9 de verdade. Milh\u00f5es de crian\u00e7as s\u00e3o v\u00edtimas de viol\u00eancia sexual e quero falar que n\u00e3o s\u00e3o s\u00f3 crian\u00e7as, mas beb\u00eas tamb\u00e9m. Estamos no Brasil diante de uma trag\u00e9dia que se chama estupro de beb\u00eas\u201d, revelou, destacando que o minist\u00e9rio tem registros de casos de viol\u00eancia contra beb\u00eas de sete dias de vida.<\/p>\n\n\n\n<p>\u201cO estupro de beb\u00eas cresceu de tal maneira no Brasil que j\u00e1 encontramos v\u00eddeos custando R$ 100 mil neste com\u00e9rcio macabro de crian\u00e7a no Brasil e este governo est\u00e1 enfrentando com muita firmeza. Vamos continuar mandando recado para abusadores e ped\u00f3filos de crian\u00e7as no Brasil: \u201ct\u00e1 acabando para voc\u00eas, t\u00e1 acabando para voc\u00eas\u201d. Se tem uma regi\u00e3o no Brasil que isso \u00e9 uma realidade \u00e9 a regi\u00e3o do Maraj\u00f3\u201d, relatou.<\/p>\n\n\n\n<p>Dirigindo-se \u00e0 plateia, a ministra disse que precisava ser enf\u00e1tica para falar da quest\u00e3o para fazer uma mudan\u00e7a neste panorama. \u201cDesculpe, essa \u00e9 a ministra exagerada, mas algu\u00e9m tem que ser exagerada neste governo. Algu\u00e9m tem que sacudir a na\u00e7\u00e3o. Tenho feito muito bem esse papel\u201d, finalizou.<\/p>\n","protected":false},"excerpt":{"rendered":"<p>A ministra da Mulher, da Fam\u00edlia e dos Direitos Humanos, Damares Alves, disse hoje (6) que n\u00e3o h\u00e1 como salvar crian\u00e7as de situa\u00e7\u00f5es prec\u00e1rias de&hellip; <\/p>\n","protected":false},"author":1,"featured_media":139862,"comment_status":"closed","ping_status":"closed","sticky":false,"template":"","format":"standard","meta":{"sfsi_plus_gutenberg_text_before_share":"","sfsi_plus_gutenberg_show_text_before_share":"","sfsi_plus_gutenberg_icon_type":"","sfsi_plus_gutenberg_icon_alignemt":"","sfsi_plus_gutenburg_max_per_row":"","footnotes":""},"categories":[11],"tags":[],"class_list":["post-139861","post","type-post","status-publish","format-standard","has-post-thumbnail","hentry","category-politica"],"_links":{"self":[{"href":"https:\/\/www.caririemacao.com\/1\/wp-json\/wp\/v2\/posts\/139861","targetHints":{"allow":["GET"]}}],"collection":[{"href":"https:\/\/www.caririemacao.com\/1\/wp-json\/wp\/v2\/posts"}],"about":[{"href":"https:\/\/www.caririemacao.com\/1\/wp-json\/wp\/v2\/types\/post"}],"author":[{"embeddable":true,"href":"https:\/\/www.caririemacao.com\/1\/wp-json\/wp\/v2\/users\/1"}],"replies":[{"embeddable":true,"href":"https:\/\/www.caririemacao.com\/1\/wp-json\/wp\/v2\/comments?post=139861"}],"version-history":[{"count":1,"href":"https:\/\/www.caririemacao.com\/1\/wp-json\/wp\/v2\/posts\/139861\/revisions"}],"predecessor-version":[{"id":139863,"href":"https:\/\/www.caririemacao.com\/1\/wp-json\/wp\/v2\/posts\/139861\/revisions\/139863"}],"wp:featuredmedia":[{"embeddable":true,"href":"https:\/\/www.caririemacao.com\/1\/wp-json\/wp\/v2\/media\/139862"}],"wp:attachment":[{"href":"https:\/\/www.caririemacao.com\/1\/wp-json\/wp\/v2\/media?parent=139861"}],"wp:term":[{"taxonomy":"category","embeddable":true,"href":"https:\/\/www.caririemacao.com\/1\/wp-json\/wp\/v2\/categories?post=139861"},{"taxonomy":"post_tag","embeddable":true,"href":"https:\/\/www.caririemacao.com\/1\/wp-json\/wp\/v2\/tags?post=139861"}],"curies":[{"name":"wp","href":"https:\/\/api.w.org\/{rel}","templated":true}]}}