{"id":139865,"date":"2019-12-07T10:09:09","date_gmt":"2019-12-07T13:09:09","guid":{"rendered":"http:\/\/www.caririemacao.com\/1\/?p=139865"},"modified":"2019-12-07T10:09:09","modified_gmt":"2019-12-07T13:09:09","slug":"pesquisa-revela-crescimento-de-74-dos-alunos-de-pos-graduacao-no-pais","status":"publish","type":"post","link":"https:\/\/www.caririemacao.com\/1\/2019\/12\/07\/pesquisa-revela-crescimento-de-74-dos-alunos-de-pos-graduacao-no-pais\/","title":{"rendered":"Pesquisa revela crescimento de 74% dos alunos de p\u00f3s-gradua\u00e7\u00e3o no pa\u00eds"},"content":{"rendered":"\n<p>No Brasil, o n\u00famero total de alunos que frequentam cursos de especializa\u00e7\u00e3o de n\u00edvel superior vem aumentando desde 2016 e a sua grande maioria frequenta cursos em institui\u00e7\u00f5es privadas (88%). Nos \u00faltimos quatro anos, houve um crescimento de 74% puxado pela rede privada, que aumentou 80% contra 41% na rede p\u00fablica.<\/p>\n\n\n\n<p>Os dados foram divulgados nesta sexta-feira (6) pela pesquisa Cursos de Especializa\u00e7\u00e3o Lato Sensu no Brasil, um levantamento in\u00e9dito elaborado pelo Instituto Semesp (Sindicato das Entidades Mantenedoras de Ensino Superior) sobre o cen\u00e1rio dos cursos de p\u00f3s-gradua\u00e7\u00e3o&nbsp;<em>lato sensu<\/em>&nbsp;nas institui\u00e7\u00f5es de ensino superior p\u00fablicas e privadas e traz ainda um perfil dos alunos matriculados nesses cursos.<\/p>\n\n\n\n<p>Na opini\u00e3o do diretor executivo do Semesp, Rodrigo Campelato, uma das raz\u00f5es que explica o crescimento da \u00e1rea \u00e9 a crise econ\u00f4mica. &#8220;Quando h\u00e1 crise econ\u00f4mica as pessoas est\u00e3o preocupadas com a empregabilidade, o desempregado faz a especializa\u00e7\u00e3o para se recolocar no mercado de trabalho e tamb\u00e9m a pessoa pode estar amea\u00e7ada de ser demitida, ent\u00e3o ela busca a especializa\u00e7\u00e3o para ter mais chance de empregabilidade, al\u00e9m de se atualizar&#8221;.<\/p>\n\n\n\n<p>Considerando apenas a popula\u00e7\u00e3o com 24 anos ou mais, estima-se que 5,7 milh\u00f5es tenham conclu\u00eddo um curso de especializa\u00e7\u00e3o de n\u00edvel superior, n\u00famero tr\u00eas vezes menor em compara\u00e7\u00e3o aos que conclu\u00edram a gradua\u00e7\u00e3o (cerca de 19 milh\u00f5es).<\/p>\n\n\n\n<p>H\u00e1 aproximadamente duas mil institui\u00e7\u00f5es de ensino que ofertam cursos de especializa\u00e7\u00e3o de n\u00edvel superior nas modalidades presencial e ensino a dist\u00e2ncia (EAD), sendo que 91% delas s\u00e3o privadas.<\/p>\n\n\n\n<p>A maior parte dos alunos de especializa\u00e7\u00e3o frequenta cursos na modalidade presencial (68%). No entanto, a modalidade de ensino a dist\u00e2ncia (EAD) est\u00e1 ganhando espa\u00e7o: no per\u00edodo de 2016 a 2018, o n\u00famero de alunos aumentou 125% e, em 2018, sua participa\u00e7\u00e3o j\u00e1 representava um a cada tr\u00eas alunos.<\/p>\n\n\n\n<p>&#8220;O EAD na p\u00f3s gradua\u00e7\u00e3o cresceu a oferta e ele se encaixa melhor ainda na p\u00f3s porque \u00e9 um p\u00fablico mais velho, na faixa de 30 anos ou mais. Esse tamb\u00e9m foi um impulsionador para o crescimento&#8221;, analisou Capelato.<\/p>\n\n\n\n<p>Em 2019, aproximadamente 45% dos alunos que frequentam um curso de especializa\u00e7\u00e3o de n\u00edvel superior t\u00eam idade entre 25 a 34 anos. Nos anos 2016 a 2019 \u00e9 poss\u00edvel verificar um leve aumento na idade m\u00e9dia dos matriculados, de 34 para 35 anos. Na modalidade EAD, a m\u00e9dia de idade dos alunos \u00e9 de 36 anos, um pouco superior em rela\u00e7\u00e3o aos alunos no presencial (34 anos).<\/p>\n\n\n\n<p>&#8220;Outro dado que nos chamou a aten\u00e7\u00e3o s\u00e3o as \u00e1reas, s\u00e3o muito parecidas com as concentra\u00e7\u00f5es na gradua\u00e7\u00e3o: 31% dos cursos s\u00e3o nas \u00e1reas de ci\u00eancias sociais, neg\u00f3cios e direito, ou seja, principalmente na \u00e1rea de gest\u00e3o, ainda temos 35% na \u00e1rea de educa\u00e7\u00e3o e 24% na \u00e1rea de sa\u00fade, semelhante a propor\u00e7\u00e3o dos cursos na gradua\u00e7\u00e3o&#8221;, observou o diretor do Semesp.<\/p>\n\n\n\n<p>A pesquisa tamb\u00e9m revela que os alunos que frequentam cursos de especializa\u00e7\u00e3o de n\u00edvel superior possuem rendimento m\u00e9dio mensal em torno de 4,6 mil reais. O valor \u00e9 150% maior do que a m\u00e9dia de rendimento daqueles que fazem cursos de gradua\u00e7\u00e3o. O rendimento m\u00e9dio ficou em 4,8 mil reais mensais para os alunos da rede privada e 3,7 mil reais mensais para os da rede p\u00fablica.<\/p>\n\n\n\n<p>A pesquisa foi realizada pelo Instituto Semesp com base nos dados da PNAD Cont\u00ednua (Pesquisa Nacional por Amostra de Dados) divulgados pelo IBGE, referentes ao segundo trimestre dos anos 2016 a 2019. Tamb\u00e9m foram consideradas informa\u00e7\u00f5es contidas no\u00a0<em>site<\/em>\u00a0do e-MEC e no Guia do MBA 2019 do Estad\u00e3o.<\/p>\n\n\n\n<p>EBC<\/p>\n","protected":false},"excerpt":{"rendered":"<p>No Brasil, o n\u00famero total de alunos que frequentam cursos de especializa\u00e7\u00e3o de n\u00edvel superior vem aumentando desde 2016 e a sua grande maioria frequenta&hellip; <\/p>\n","protected":false},"author":1,"featured_media":5249,"comment_status":"closed","ping_status":"closed","sticky":false,"template":"","format":"standard","meta":{"sfsi_plus_gutenberg_text_before_share":"","sfsi_plus_gutenberg_show_text_before_share":"","sfsi_plus_gutenberg_icon_type":"","sfsi_plus_gutenberg_icon_alignemt":"","sfsi_plus_gutenburg_max_per_row":"","footnotes":""},"categories":[50,14],"tags":[],"class_list":["post-139865","post","type-post","status-publish","format-standard","has-post-thumbnail","hentry","category-destaque","category-educacao"],"_links":{"self":[{"href":"https:\/\/www.caririemacao.com\/1\/wp-json\/wp\/v2\/posts\/139865","targetHints":{"allow":["GET"]}}],"collection":[{"href":"https:\/\/www.caririemacao.com\/1\/wp-json\/wp\/v2\/posts"}],"about":[{"href":"https:\/\/www.caririemacao.com\/1\/wp-json\/wp\/v2\/types\/post"}],"author":[{"embeddable":true,"href":"https:\/\/www.caririemacao.com\/1\/wp-json\/wp\/v2\/users\/1"}],"replies":[{"embeddable":true,"href":"https:\/\/www.caririemacao.com\/1\/wp-json\/wp\/v2\/comments?post=139865"}],"version-history":[{"count":1,"href":"https:\/\/www.caririemacao.com\/1\/wp-json\/wp\/v2\/posts\/139865\/revisions"}],"predecessor-version":[{"id":139866,"href":"https:\/\/www.caririemacao.com\/1\/wp-json\/wp\/v2\/posts\/139865\/revisions\/139866"}],"wp:featuredmedia":[{"embeddable":true,"href":"https:\/\/www.caririemacao.com\/1\/wp-json\/wp\/v2\/media\/5249"}],"wp:attachment":[{"href":"https:\/\/www.caririemacao.com\/1\/wp-json\/wp\/v2\/media?parent=139865"}],"wp:term":[{"taxonomy":"category","embeddable":true,"href":"https:\/\/www.caririemacao.com\/1\/wp-json\/wp\/v2\/categories?post=139865"},{"taxonomy":"post_tag","embeddable":true,"href":"https:\/\/www.caririemacao.com\/1\/wp-json\/wp\/v2\/tags?post=139865"}],"curies":[{"name":"wp","href":"https:\/\/api.w.org\/{rel}","templated":true}]}}