{"id":139874,"date":"2019-12-07T10:15:23","date_gmt":"2019-12-07T13:15:23","guid":{"rendered":"http:\/\/www.caririemacao.com\/1\/?p=139874"},"modified":"2019-12-07T10:15:23","modified_gmt":"2019-12-07T13:15:23","slug":"prefeita-de-monteiro-devera-se-reunir-com-joao-azevedo-nos-proximos-dias-para-definir-futuro-partidario","status":"publish","type":"post","link":"https:\/\/www.caririemacao.com\/1\/2019\/12\/07\/prefeita-de-monteiro-devera-se-reunir-com-joao-azevedo-nos-proximos-dias-para-definir-futuro-partidario\/","title":{"rendered":"Prefeita de Monteiro dever\u00e1 se reunir com Jo\u00e3o Azev\u00eado nos pr\u00f3ximos dias para definir futuro partid\u00e1rio"},"content":{"rendered":"\n<figure class=\"wp-block-image\"><img decoding=\"async\" data-src=\"https:\/\/lh4.googleusercontent.com\/proxy\/KlLZbpUSilYODFU5EA5uW04cF1zorarz68PNjSa3_T_4Y3ITMLmUtg9TjZRucETvOMffzailqxWp4uI2G-x2hDsqDKEVMSKZ6i6bsWj5KEolhRuDRjx23TV6LvDG9HYZ39tq=s0-d\" alt=\".com\/proxy\/\" src=\"data:image\/svg+xml;base64,PHN2ZyB3aWR0aD0iMSIgaGVpZ2h0PSIxIiB4bWxucz0iaHR0cDovL3d3dy53My5vcmcvMjAwMC9zdmciPjwvc3ZnPg==\" class=\"lazyload\" \/><\/figure>\n\n\n\n<p>A prefeita de Monteiro, Anna Lorena, dever\u00e1 se reunir nos pr\u00f3ximos dias com o governador Jo\u00e3o Azev\u00eado\u00a0\u00a0para definir seu futuro partid\u00e1rio com vistas \u00e0s elei\u00e7\u00f5es de 2020, j\u00e1 que Lorena se prepara para disputar \u00e0 reelei\u00e7\u00e3o, na maior cidade do Cariri.<br><\/p>\n\n\n\n<p>Uma fonte pr\u00f3xima de Lorena informou que a prefeita ficar\u00e1 com o governador nesse racha entre os lideres, Jo\u00e3o e Ricardo.<br>A elei\u00e7\u00e3o de Monteiro, em 2020, ser\u00e1 umas das mais disputadas da Para\u00edba. <\/p>\n\n\n\n<p>Lorena vai tentar \u00e1 reelei\u00e7\u00e3o contra um candidato do grupo dos deputados, Jo\u00e3o e Edna Henrique.<br><\/p>\n\n\n\n<p><strong>Blog do Bruno Lira<\/strong><\/p>\n","protected":false},"excerpt":{"rendered":"<p>A prefeita de Monteiro, Anna Lorena, dever\u00e1 se reunir nos pr\u00f3ximos dias com o governador Jo\u00e3o Azev\u00eado\u00a0\u00a0para definir seu futuro partid\u00e1rio com vistas \u00e0s elei\u00e7\u00f5es&hellip; <\/p>\n","protected":false},"author":1,"featured_media":139875,"comment_status":"closed","ping_status":"closed","sticky":false,"template":"","format":"standard","meta":{"sfsi_plus_gutenberg_text_before_share":"","sfsi_plus_gutenberg_show_text_before_share":"","sfsi_plus_gutenberg_icon_type":"","sfsi_plus_gutenberg_icon_alignemt":"","sfsi_plus_gutenburg_max_per_row":"","footnotes":""},"categories":[11],"tags":[],"class_list":["post-139874","post","type-post","status-publish","format-standard","has-post-thumbnail","hentry","category-politica"],"_links":{"self":[{"href":"https:\/\/www.caririemacao.com\/1\/wp-json\/wp\/v2\/posts\/139874","targetHints":{"allow":["GET"]}}],"collection":[{"href":"https:\/\/www.caririemacao.com\/1\/wp-json\/wp\/v2\/posts"}],"about":[{"href":"https:\/\/www.caririemacao.com\/1\/wp-json\/wp\/v2\/types\/post"}],"author":[{"embeddable":true,"href":"https:\/\/www.caririemacao.com\/1\/wp-json\/wp\/v2\/users\/1"}],"replies":[{"embeddable":true,"href":"https:\/\/www.caririemacao.com\/1\/wp-json\/wp\/v2\/comments?post=139874"}],"version-history":[{"count":1,"href":"https:\/\/www.caririemacao.com\/1\/wp-json\/wp\/v2\/posts\/139874\/revisions"}],"predecessor-version":[{"id":139876,"href":"https:\/\/www.caririemacao.com\/1\/wp-json\/wp\/v2\/posts\/139874\/revisions\/139876"}],"wp:featuredmedia":[{"embeddable":true,"href":"https:\/\/www.caririemacao.com\/1\/wp-json\/wp\/v2\/media\/139875"}],"wp:attachment":[{"href":"https:\/\/www.caririemacao.com\/1\/wp-json\/wp\/v2\/media?parent=139874"}],"wp:term":[{"taxonomy":"category","embeddable":true,"href":"https:\/\/www.caririemacao.com\/1\/wp-json\/wp\/v2\/categories?post=139874"},{"taxonomy":"post_tag","embeddable":true,"href":"https:\/\/www.caririemacao.com\/1\/wp-json\/wp\/v2\/tags?post=139874"}],"curies":[{"name":"wp","href":"https:\/\/api.w.org\/{rel}","templated":true}]}}